
{"id":4380,"date":"2020-12-03T21:20:38","date_gmt":"2020-12-03T20:20:38","guid":{"rendered":"https:\/\/perigord-dordogne-visites.com\/?p=4380"},"modified":"2023-08-12T16:51:47","modified_gmt":"2023-08-12T14:51:47","slug":"le-donjon-manoir-de-salle-en-avant-premiere","status":"publish","type":"post","link":"https:\/\/perigord-dordogne-visites.com\/index.php\/2020\/12\/03\/le-donjon-manoir-de-salle-en-avant-premiere\/","title":{"rendered":"Le Donjon &#038; Manoir de Salle en avant-premi\u00e8re!"},"content":{"rendered":"\t\t<div data-elementor-type=\"wp-post\" data-elementor-id=\"4380\" class=\"elementor elementor-4380\" data-elementor-settings=\"[]\">\n\t\t\t\t\t\t<div class=\"elementor-inner\">\n\t\t\t\t\t\t\t<div class=\"elementor-section-wrap\">\n\t\t\t\t\t\t\t<section class=\"elementor-section elementor-top-section elementor-element elementor-element-c1ccc79 elementor-section-stretched elementor-section-boxed elementor-section-height-default elementor-section-height-default\" data-id=\"c1ccc79\" data-element_type=\"section\" data-settings=\"{&quot;background_background&quot;:&quot;classic&quot;,&quot;shape_divider_bottom&quot;:&quot;clouds&quot;,&quot;shape_divider_bottom_negative&quot;:&quot;yes&quot;,&quot;stretch_section&quot;:&quot;section-stretched&quot;}\">\n\t\t\t\t\t\t\t<div class=\"elementor-background-overlay\"><\/div>\n\t\t\t\t\t\t<div class=\"elementor-shape elementor-shape-bottom\" data-negative=\"true\">\n\t\t\t<svg xmlns=\"http:\/\/www.w3.org\/2000\/svg\" viewBox=\"0 0 283.5 27.8\" preserveAspectRatio=\"xMidYMax slice\">\n\t<path class=\"elementor-shape-fill\" d=\"M265.8 3.5c-10.9 0-15.9 6.2-15.9 6.2s-3.6-3.5-9.2-.9c-9.1 4.1-4.4 13.4-4.4 13.4s-1.2.2-1.9.9c-.6.7-.5 1.9-.5 1.9s-1-.5-2.3-.2c-1.3.3-1.6 1.4-1.6 1.4s.4-3.4-1.5-5c-3.9-3.4-8.3-.2-8.3-.2s-.6-.7-.9-.9c-.4-.2-1.2-.2-1.2-.2s-4.4-3.6-11.5-2.6-10.4 7.9-10.4 7.9-.5-3.3-3.9-4.9c-4.8-2.4-7.4 0-7.4 0s2.4-4.1-1.9-6.4-6.2 1.2-6.2 1.2-.9-.5-2.1-.5-2.3 1.1-2.3 1.1.1-.7-1.1-1.1c-1.2-.4-2 0-2 0s3.6-6.8-3.5-8.9c-6-1.8-7.9 2.6-8.4 4-.1-.3-.4-.7-.9-1.1-1-.7-1.3-.5-1.3-.5s1-4-1.7-5.2c-2.7-1.2-4.2 1.1-4.2 1.1s-3.1-1-5.7 1.4-2.1 5.5-2.1 5.5-.9 0-2.1.7-1.4 1.7-1.4 1.7-1.7-1.2-4.3-1.2c-2.6 0-4.5 1.2-4.5 1.2s-.7-1.5-2.8-2.4c-2.1-.9-4 0-4 0s2.6-5.9-4.7-9c-7.3-3.1-12.6 3.3-12.6 3.3s-.9 0-1.9.2c-.9.2-1.5.9-1.5.9S99.4 3 94.9 3.9c-4.5.9-5.7 5.7-5.7 5.7s-2.8-5-12.3-3.9-11.1 6-11.1 6-1.2-1.4-4-.7c-.8.2-1.3.5-1.8.9-.9-2.1-2.7-4.9-6.2-4.4-3.2.4-4 2.2-4 2.2s-.5-.7-1.2-.7h-1.4s-.5-.9-1.7-1.4-2.4 0-2.4 0-2.4-1.2-4.7 0-3.1 4.1-3.1 4.1-1.7-1.4-3.6-.7c-1.9.7-1.9 2.8-1.9 2.8s-.5-.5-1.7-.2c-1.2.2-1.4.7-1.4.7s-.7-2.3-2.8-2.8c-2.1-.5-4.3.2-4.3.2s-1.7-5-11.1-6c-3.8-.4-6.6.2-8.5 1v21.2h283.5V11.1c-.9.2-1.6.4-1.6.4s-5.2-8-16.1-8z\"\/>\n<\/svg>\n\t\t<\/div>\n\t\t\t\t\t<div class=\"elementor-container elementor-column-gap-default\">\n\t\t\t\t\t\t\t<div class=\"elementor-row\">\n\t\t\t\t\t<div class=\"elementor-column elementor-col-100 elementor-top-column elementor-element elementor-element-066aaf9\" data-id=\"066aaf9\" data-element_type=\"column\">\n\t\t\t<div class=\"elementor-column-wrap elementor-element-populated\">\n\t\t\t\t\t\t\t<div class=\"elementor-widget-wrap\">\n\t\t\t\t\t\t<div class=\"elementor-element elementor-element-0169a38 elementor-widget elementor-widget-heading\" data-id=\"0169a38\" data-element_type=\"widget\" data-widget_type=\"heading.default\">\n\t\t\t\t<div class=\"elementor-widget-container\">\n\t\t\t<h2 class=\"elementor-heading-title elementor-size-default\"><b>Le Donjon &amp; Manoir <\/b><br><b>de la Salle <\/b><br><b>en avant-Premi\u00e8re<\/b><\/h2>\t\t<\/div>\n\t\t\t\t<\/div>\n\t\t\t\t<div class=\"elementor-element elementor-element-273cd49 elementor-widget elementor-widget-text-editor\" data-id=\"273cd49\" data-element_type=\"widget\" data-widget_type=\"text-editor.default\">\n\t\t\t\t<div class=\"elementor-widget-container\">\n\t\t\t\t\t<div class=\"elementor-text-editor elementor-clearfix\"><p>Il y a moins de 24h que ce Donjon &amp; Manoir de R\u00eave est inaugur\u00e9 par son Nouveau Propri\u00e9taire.&nbsp;<\/p>\n<p>F\u00e9licitations \u00e0 Jean-Max Touron, Acteur Majeur du Tourisme en P\u00e9rigord Noir et ailleurs&#8230;<\/p>\n<p><\/p><\/div>\n\t\t\t\t<\/div>\n\t\t\t\t<\/div>\n\t\t\t\t\t\t<\/div>\n\t\t\t\t\t<\/div>\n\t\t<\/div>\n\t\t\t\t\t\t\t\t<\/div>\n\t\t\t\t\t<\/div>\n\t\t<\/section>\n\t\t\t\t<section class=\"elementor-section elementor-top-section elementor-element elementor-element-1bbab4f6 elementor-section-stretched elementor-section-boxed elementor-section-height-default elementor-section-height-default\" data-id=\"1bbab4f6\" data-element_type=\"section\" data-settings=\"{&quot;stretch_section&quot;:&quot;section-stretched&quot;}\">\n\t\t\t\t\t\t<div class=\"elementor-container elementor-column-gap-default\">\n\t\t\t\t\t\t\t<div class=\"elementor-row\">\n\t\t\t\t\t<article class=\"elementor-column elementor-col-100 elementor-top-column elementor-element elementor-element-6a21f352\" data-id=\"6a21f352\" data-element_type=\"column\">\n\t\t\t<div class=\"elementor-column-wrap elementor-element-populated\">\n\t\t\t\t\t\t\t<div class=\"elementor-widget-wrap\">\n\t\t\t\t\t\t<div class=\"elementor-element elementor-element-54b51e7c elementor-widget elementor-widget-image\" data-id=\"54b51e7c\" data-element_type=\"widget\" data-widget_type=\"image.default\">\n\t\t\t\t<div class=\"elementor-widget-container\">\n\t\t\t\t\t<div class=\"elementor-image\">\n\t\t\t\t\t\t\t\t\t\t<img width=\"300\" height=\"257\" src=\"https:\/\/perigord-dordogne-visites.com\/wp-content\/uploads\/2019\/12\/etoile-PNDM-300x257.png\" class=\"attachment-medium size-medium\" alt=\"\" loading=\"lazy\" srcset=\"https:\/\/perigord-dordogne-visites.com\/wp-content\/uploads\/2019\/12\/etoile-PNDM-300x257.png 300w, https:\/\/perigord-dordogne-visites.com\/wp-content\/uploads\/2019\/12\/etoile-PNDM-350x299.png 350w, https:\/\/perigord-dordogne-visites.com\/wp-content\/uploads\/2019\/12\/etoile-PNDM.png 504w\" sizes=\"100vw\" \/>\t\t\t\t\t\t\t\t\t\t\t<\/div>\n\t\t\t\t<\/div>\n\t\t\t\t<\/div>\n\t\t\t\t<div class=\"elementor-element elementor-element-ee08de2 elementor-widget elementor-widget-heading\" data-id=\"ee08de2\" data-element_type=\"widget\" data-widget_type=\"heading.default\">\n\t\t\t\t<div class=\"elementor-widget-container\">\n\t\t\t<h4 class=\"elementor-heading-title elementor-size-default\">By Marie Calonne<\/h4>\t\t<\/div>\n\t\t\t\t<\/div>\n\t\t\t\t<div class=\"elementor-element elementor-element-c456fe4 elementor-widget elementor-widget-text-editor\" data-id=\"c456fe4\" data-element_type=\"widget\" data-widget_type=\"text-editor.default\">\n\t\t\t\t<div class=\"elementor-widget-container\">\n\t\t\t\t\t<div class=\"elementor-text-editor elementor-clearfix\"><p>Il sera le premier Monument Historique priv\u00e9 ouvert au public \u00e0 <b>Saint-L\u00e9on-sur-V\u00e9z\u00e8re<\/b>, <em>Plus Beau Village de France<\/em>, pos\u00e9 au c\u0153ur de la <b>Vall\u00e9e de l&#8217;Homme, Vall\u00e9e V\u00e9z\u00e8re<\/b>, <b>Grand Site de France<\/b>.<\/p><p>Bien plac\u00e9 et facile d&#8217;acc\u00e8s, le <strong>Donjon et Manoir de Salle<\/strong> a tous les atouts pour vous s\u00e9duire!<\/p><\/div>\n\t\t\t\t<\/div>\n\t\t\t\t<\/div>\n\t\t\t\t<section class=\"elementor-section elementor-inner-section elementor-element elementor-element-0b0283f elementor-section-boxed elementor-section-height-default elementor-section-height-default\" data-id=\"0b0283f\" data-element_type=\"section\">\n\t\t\t\t\t\t<div class=\"elementor-container elementor-column-gap-default\">\n\t\t\t\t\t\t\t<div class=\"elementor-row\">\n\t\t\t\t\t<div class=\"elementor-column elementor-col-100 elementor-inner-column elementor-element elementor-element-8b53727\" data-id=\"8b53727\" data-element_type=\"column\" data-settings=\"{&quot;background_background&quot;:&quot;classic&quot;}\">\n\t\t\t<div class=\"elementor-column-wrap elementor-element-populated\">\n\t\t\t\t\t\t\t<div class=\"elementor-widget-wrap\">\n\t\t\t\t\t\t<div class=\"elementor-element elementor-element-be60143 elementor-view-default elementor-widget elementor-widget-icon\" data-id=\"be60143\" data-element_type=\"widget\" data-widget_type=\"icon.default\">\n\t\t\t\t<div class=\"elementor-widget-container\">\n\t\t\t\t\t<div class=\"elementor-icon-wrapper\">\n\t\t\t<a class=\"elementor-icon\" href=\"#bonneetoile\">\n\t\t\t<i aria-hidden=\"true\" class=\"fas fa-star\"><\/i>\t\t\t<\/a>\n\t\t<\/div>\n\t\t\t\t<\/div>\n\t\t\t\t<\/div>\n\t\t\t\t<div class=\"elementor-element elementor-element-e4cdd18 elementor-widget elementor-widget-heading\" data-id=\"e4cdd18\" data-element_type=\"widget\" data-widget_type=\"heading.default\">\n\t\t\t\t<div class=\"elementor-widget-container\">\n\t\t\t<h2 class=\"elementor-heading-title elementor-size-default\"><a href=\"#bonneetoile\">Suivez Votre Bonne \u00c9toile!<\/a><\/h2>\t\t<\/div>\n\t\t\t\t<\/div>\n\t\t\t\t<div class=\"elementor-element elementor-element-48d2d2d elementor-widget elementor-widget-text-editor\" data-id=\"48d2d2d\" data-element_type=\"widget\" data-widget_type=\"text-editor.default\">\n\t\t\t\t<div class=\"elementor-widget-container\">\n\t\t\t\t\t<div class=\"elementor-text-editor elementor-clearfix\"><p style=\"text-align: center;\">Visitez\u00a0 avec Marie !<\/p><\/div>\n\t\t\t\t<\/div>\n\t\t\t\t<\/div>\n\t\t\t\t\t\t<\/div>\n\t\t\t\t\t<\/div>\n\t\t<\/div>\n\t\t\t\t\t\t\t\t<\/div>\n\t\t\t\t\t<\/div>\n\t\t<\/section>\n\t\t\t\t<div class=\"elementor-element elementor-element-ac8b5b6 elementor-widget elementor-widget-heading\" data-id=\"ac8b5b6\" data-element_type=\"widget\" data-widget_type=\"heading.default\">\n\t\t\t\t<div class=\"elementor-widget-container\">\n\t\t\t<h2 class=\"elementor-heading-title elementor-size-default\">Une Bulle de Nouveaut\u00e9 pour 2021 : une Demeure de R\u00eave s'ouvre \u00e0 Vous!<\/h2>\t\t<\/div>\n\t\t\t\t<\/div>\n\t\t\t\t<div class=\"elementor-element elementor-element-16ec0f2 elementor-aspect-ratio-169 elementor-widget elementor-widget-video\" data-id=\"16ec0f2\" data-element_type=\"widget\" data-settings=\"{&quot;aspect_ratio&quot;:&quot;169&quot;}\" data-widget_type=\"video.default\">\n\t\t\t\t<div class=\"elementor-widget-container\">\n\t\t\t\t\t<div class=\"elementor-wrapper elementor-fit-aspect-ratio elementor-open-inline\">\n\t\t\t<iframe class=\"elementor-video-iframe\" allowfullscreen title=\"Lecteur vid\u00e9o youtube\" src=\"https:\/\/www.youtube.com\/embed\/G8ancj0i5to?feature=oembed&amp;autoplay=1&amp;playsinline=1&amp;start=5&amp;end&amp;wmode=opaque&amp;loop=0&amp;controls=1&amp;mute=0&amp;rel=0&amp;modestbranding=0\"><\/iframe>\t\t<\/div>\n\t\t\t\t<\/div>\n\t\t\t\t<\/div>\n\t\t\t\t<div class=\"elementor-element elementor-element-0590098 elementor-widget elementor-widget-text-editor\" data-id=\"0590098\" data-element_type=\"widget\" data-widget_type=\"text-editor.default\">\n\t\t\t\t<div class=\"elementor-widget-container\">\n\t\t\t\t\t<div class=\"elementor-text-editor elementor-clearfix\"><p>Pierres dor\u00e9es, m\u00e2chicoulis, chemin de ronde, donjon, latrines, exceptionnelle charpente habill\u00e9e\u00a0 de lauzes,\u00a0 parquet ancien, mobilier m\u00e9di\u00e9val-renaissance, pis\u00e9 (ou pichat), parc arbor\u00e9 parsem\u00e9 de roses, entre quelques dentelles de buis et un fascinant c\u00e8dre g\u00e9ant digne de tous les Dieux!<br \/>Le Donjon, d&#8217;origine romane et remani\u00e9 jusqu&#8217;au XIXe si\u00e8cle avec son parapet n\u00e9ogothique, fait partie des plus anciens donjons du cru, comme ceux de <b>Saint-Geni\u00e8s, Salignac ou Carlux<\/b>, contemporains de l&#8217;av\u00e8nement des premiers ch\u00e2teaux (castrums m\u00e9di\u00e9vaux) en France!<br \/><br \/>Si vous r\u00eaviez de franchir sa porte clout\u00e9e, dot\u00e9 d&#8217;une cl\u00e9 Magique, c&#8217;est d\u00e9sormais possible! Histoire de commencer un nouveau conte de f\u00e9es&#8230;<\/p><\/div>\n\t\t\t\t<\/div>\n\t\t\t\t<\/div>\n\t\t\t\t<div class=\"elementor-element elementor-element-ac8f1b8 elementor-widget elementor-widget-heading\" data-id=\"ac8f1b8\" data-element_type=\"widget\" data-widget_type=\"heading.default\">\n\t\t\t\t<div class=\"elementor-widget-container\">\n\t\t\t<h2 class=\"elementor-heading-title elementor-size-default\">Crise sanitaire ou pas, Jean-Max Touron brave tous les vents contraires de 2020 pour mettre \u00e0 votre port\u00e9e, la beaut\u00e9 du P\u00e9rigord Noir.<\/h2>\t\t<\/div>\n\t\t\t\t<\/div>\n\t\t\t\t<div class=\"elementor-element elementor-element-5f930c0 elementor-widget elementor-widget-text-editor\" data-id=\"5f930c0\" data-element_type=\"widget\" data-widget_type=\"text-editor.default\">\n\t\t\t\t<div class=\"elementor-widget-container\">\n\t\t\t\t\t<div class=\"elementor-text-editor elementor-clearfix\"><p>Cet \u00e9t\u00e9 2020, il a ressuscit\u00e9 le <span style=\"font-size: 22px; color: #ba9502;\"><a style=\"color: #ba9502;\" href=\"https:\/\/www.fortdelaroquegageac.com\/\">Fort de la Roque-Gageac<\/a>\u00a0<\/span><span style=\"color: #7a7a7a; font-size: 22px;\">, ferm\u00e9 au public depuis plus de 10 ans et situ\u00e9 dans le sublime Triangle d&#8217;Or de la Vall\u00e9e des Cinq Ch\u00e2teaux. Fin novembre, il se lance \u00e0 la conqu\u00eate du <\/span><b style=\"color: #7a7a7a; font-size: 22px;\">Donjon &amp; Manoir de la Salle<\/b><span style=\"color: #7a7a7a; font-size: 22px;\">, pour le mettre \u00e0 votre port\u00e9e d\u00e8s 2021.<\/span><\/p><p>Jusqu&#8217;\u00e0 pr\u00e9sent, <b>Saint-L\u00e9on-sur-V\u00e9z\u00e8re<\/b>, charmant petit village m\u00e9di\u00e9val extr\u00eamement bien pr\u00e9serv\u00e9, vous offrait que la possibilit\u00e9 de fl\u00e2ner entre ses venelles, pratiquer du cano\u00eb, faire une pause gourmande sans possibilit\u00e9s de visites, si ce n&#8217;est celle de sa superbe \u00e9glise romane aux lignes particuli\u00e8rement \u00e9pur\u00e9es&#8230; \u00c0 partir de 2021, le village et ses habitants pourront s&#8217;enorgueillir de pouvoir proposer leur premier site touristique ouvert au public!<\/p><h2>Gr\u00e2ce \u00e0 la famille Touron, vous avez la chance d&#8217;acc\u00e9der \u00e0 un patrimoine troglodytique, pr\u00e9historique et conjugu\u00e9 \u00e0 la noblesse du P\u00e9rigord derri\u00e8re les murs \u00e9pais de ravissants ch\u00e2teaux d\u00e9licieusement meubl\u00e9s!\u00a0<\/h2><p>D\u00e9couvrez leur collection de sites, apr\u00e8s ces premi\u00e8res photos en avant-premi\u00e8re du <b>Donjon et Manoir de la Salle, <\/b>class\u00e9 Monument Historique:<\/p><\/div>\n\t\t\t\t<\/div>\n\t\t\t\t<\/div>\n\t\t\t\t\t\t<\/div>\n\t\t\t\t\t<\/div>\n\t\t<\/article>\n\t\t\t\t\t\t\t\t<\/div>\n\t\t\t\t\t<\/div>\n\t\t<\/section>\n\t\t\t\t<section class=\"elementor-section elementor-top-section elementor-element elementor-element-f7fd292 elementor-section-boxed elementor-section-height-default elementor-section-height-default\" data-id=\"f7fd292\" data-element_type=\"section\">\n\t\t\t\t\t\t<div class=\"elementor-container elementor-column-gap-default\">\n\t\t\t\t\t\t\t<div class=\"elementor-row\">\n\t\t\t\t\t<div class=\"elementor-column elementor-col-100 elementor-top-column elementor-element elementor-element-8d73c70\" data-id=\"8d73c70\" data-element_type=\"column\">\n\t\t\t<div class=\"elementor-column-wrap elementor-element-populated\">\n\t\t\t\t\t\t\t<div class=\"elementor-widget-wrap\">\n\t\t\t\t\t\t<div class=\"elementor-element elementor-element-dedb9f7 gallery-spacing-custom elementor-widget elementor-widget-image-gallery\" data-id=\"dedb9f7\" data-element_type=\"widget\" data-widget_type=\"image-gallery.default\">\n\t\t\t\t<div class=\"elementor-widget-container\">\n\t\t\t\t\t<div class=\"elementor-image-gallery\">\n\t\t\t<div id='gallery-1' class='gallery galleryid-4380 gallery-columns-4 gallery-size-woocommerce_thumbnail'><figure class='gallery-item'>\n\t\t\t<div class='gallery-icon landscape'>\n\t\t\t\t<a data-elementor-open-lightbox=\"yes\" data-elementor-lightbox-slideshow=\"dedb9f7\" data-elementor-lightbox-title=\"\u00a9CALONNE-2020-Manoir-de-la-Salle\" href='https:\/\/perigord-dordogne-visites.com\/wp-content\/uploads\/2020\/12\/\u00a9CALONNE-2020-ManoirdeSalle-3WEB-scaled.jpg'><img width=\"250\" height=\"250\" src=\"https:\/\/perigord-dordogne-visites.com\/wp-content\/uploads\/2020\/12\/\u00a9CALONNE-2020-ManoirdeSalle-3WEB-250x250.jpg\" class=\"attachment-woocommerce_thumbnail size-woocommerce_thumbnail\" alt=\"donjon-de-la-salle, saint-leon-sur-vezere, La-salle, manoir-de-la-salle\" loading=\"lazy\" aria-describedby=\"gallery-1-4596\" srcset=\"https:\/\/perigord-dordogne-visites.com\/wp-content\/uploads\/2020\/12\/\u00a9CALONNE-2020-ManoirdeSalle-3WEB-250x250.jpg 250w, https:\/\/perigord-dordogne-visites.com\/wp-content\/uploads\/2020\/12\/\u00a9CALONNE-2020-ManoirdeSalle-3WEB-150x150.jpg 150w, https:\/\/perigord-dordogne-visites.com\/wp-content\/uploads\/2020\/12\/\u00a9CALONNE-2020-ManoirdeSalle-3WEB-100x100.jpg 100w\" sizes=\"100vw\" \/><\/a>\n\t\t\t<\/div>\n\t\t\t\t<figcaption class='wp-caption-text gallery-caption' id='gallery-1-4596'>\n\t\t\t\tdonjon-de-la-salle, saint-leon-sur-vezere, La-salle, manoir-de-la-salle \n\t\t\t\t<\/figcaption><\/figure><figure class='gallery-item'>\n\t\t\t<div class='gallery-icon landscape'>\n\t\t\t\t<a data-elementor-open-lightbox=\"yes\" data-elementor-lightbox-slideshow=\"dedb9f7\" data-elementor-lightbox-title=\"\u00a9CALONNE-2020-ManoirdeSalle (4) Petite\" href='https:\/\/perigord-dordogne-visites.com\/wp-content\/uploads\/2020\/12\/\u00a9CALONNE-2020-ManoirdeSalle-4-Petite.jpg'><img width=\"250\" height=\"250\" src=\"https:\/\/perigord-dordogne-visites.com\/wp-content\/uploads\/2020\/12\/\u00a9CALONNE-2020-ManoirdeSalle-4-Petite-250x250.jpg\" class=\"attachment-woocommerce_thumbnail size-woocommerce_thumbnail\" alt=\"\" loading=\"lazy\" srcset=\"https:\/\/perigord-dordogne-visites.com\/wp-content\/uploads\/2020\/12\/\u00a9CALONNE-2020-ManoirdeSalle-4-Petite-250x250.jpg 250w, https:\/\/perigord-dordogne-visites.com\/wp-content\/uploads\/2020\/12\/\u00a9CALONNE-2020-ManoirdeSalle-4-Petite-150x150.jpg 150w, https:\/\/perigord-dordogne-visites.com\/wp-content\/uploads\/2020\/12\/\u00a9CALONNE-2020-ManoirdeSalle-4-Petite-100x100.jpg 100w\" sizes=\"100vw\" \/><\/a>\n\t\t\t<\/div><\/figure><figure class='gallery-item'>\n\t\t\t<div class='gallery-icon landscape'>\n\t\t\t\t<a data-elementor-open-lightbox=\"yes\" data-elementor-lightbox-slideshow=\"dedb9f7\" data-elementor-lightbox-title=\"\u00a9CALONNE-2020-ManoirdeSalle (16) petite\" href='https:\/\/perigord-dordogne-visites.com\/wp-content\/uploads\/2020\/12\/\u00a9CALONNE-2020-ManoirdeSalle-16-petite.jpg'><img width=\"250\" height=\"250\" src=\"https:\/\/perigord-dordogne-visites.com\/wp-content\/uploads\/2020\/12\/\u00a9CALONNE-2020-ManoirdeSalle-16-petite-250x250.jpg\" class=\"attachment-woocommerce_thumbnail size-woocommerce_thumbnail\" alt=\"\" loading=\"lazy\" srcset=\"https:\/\/perigord-dordogne-visites.com\/wp-content\/uploads\/2020\/12\/\u00a9CALONNE-2020-ManoirdeSalle-16-petite-250x250.jpg 250w, https:\/\/perigord-dordogne-visites.com\/wp-content\/uploads\/2020\/12\/\u00a9CALONNE-2020-ManoirdeSalle-16-petite-150x150.jpg 150w, https:\/\/perigord-dordogne-visites.com\/wp-content\/uploads\/2020\/12\/\u00a9CALONNE-2020-ManoirdeSalle-16-petite-100x100.jpg 100w\" sizes=\"100vw\" \/><\/a>\n\t\t\t<\/div><\/figure><figure class='gallery-item'>\n\t\t\t<div class='gallery-icon landscape'>\n\t\t\t\t<a data-elementor-open-lightbox=\"yes\" data-elementor-lightbox-slideshow=\"dedb9f7\" data-elementor-lightbox-title=\"CHARPENTE-TOURON-CALONNE-WEB-PETITE\" href='https:\/\/perigord-dordogne-visites.com\/wp-content\/uploads\/2020\/12\/CHARPENTE-TOURON-CALONNE-WEB-PETITE.jpg'><img width=\"250\" height=\"250\" src=\"https:\/\/perigord-dordogne-visites.com\/wp-content\/uploads\/2020\/12\/CHARPENTE-TOURON-CALONNE-WEB-PETITE-250x250.jpg\" class=\"attachment-woocommerce_thumbnail size-woocommerce_thumbnail\" alt=\"\" loading=\"lazy\" srcset=\"https:\/\/perigord-dordogne-visites.com\/wp-content\/uploads\/2020\/12\/CHARPENTE-TOURON-CALONNE-WEB-PETITE-250x250.jpg 250w, https:\/\/perigord-dordogne-visites.com\/wp-content\/uploads\/2020\/12\/CHARPENTE-TOURON-CALONNE-WEB-PETITE-150x150.jpg 150w, https:\/\/perigord-dordogne-visites.com\/wp-content\/uploads\/2020\/12\/CHARPENTE-TOURON-CALONNE-WEB-PETITE-100x100.jpg 100w\" sizes=\"100vw\" \/><\/a>\n\t\t\t<\/div><\/figure>\n\t\t<\/div>\n\t\t<\/div>\n\t\t\t\t<\/div>\n\t\t\t\t<\/div>\n\t\t\t\t\t\t<\/div>\n\t\t\t\t\t<\/div>\n\t\t<\/div>\n\t\t\t\t\t\t\t\t<\/div>\n\t\t\t\t\t<\/div>\n\t\t<\/section>\n\t\t\t\t<section class=\"elementor-section elementor-top-section elementor-element elementor-element-79f0618 elementor-section-boxed elementor-section-height-default elementor-section-height-default\" data-id=\"79f0618\" data-element_type=\"section\">\n\t\t\t\t\t\t<div class=\"elementor-container elementor-column-gap-default\">\n\t\t\t\t\t\t\t<div class=\"elementor-row\">\n\t\t\t\t\t<div class=\"elementor-column elementor-col-100 elementor-top-column elementor-element elementor-element-7e46ace\" data-id=\"7e46ace\" data-element_type=\"column\">\n\t\t\t<div class=\"elementor-column-wrap elementor-element-populated\">\n\t\t\t\t\t\t\t<div class=\"elementor-widget-wrap\">\n\t\t\t\t\t\t<div class=\"elementor-element elementor-element-62938ac elementor-align-center elementor-widget elementor-widget-button\" data-id=\"62938ac\" data-element_type=\"widget\" data-widget_type=\"button.default\">\n\t\t\t\t<div class=\"elementor-widget-container\">\n\t\t\t\t\t<div class=\"elementor-button-wrapper\">\n\t\t\t<a href=\"#photos\" class=\"elementor-button-link elementor-button elementor-size-md\" role=\"button\">\n\t\t\t\t\t\t<span class=\"elementor-button-content-wrapper\">\n\t\t\t\t\t\t<span class=\"elementor-button-icon elementor-align-icon-left\">\n\t\t\t\t<i aria-hidden=\"true\" class=\"far fa-eye\"><\/i>\t\t\t<\/span>\n\t\t\t\t\t\t<span class=\"elementor-button-text\">Voir plus de Photos sur le Donjon de la Salle<\/span>\n\t\t<\/span>\n\t\t\t\t\t<\/a>\n\t\t<\/div>\n\t\t\t\t<\/div>\n\t\t\t\t<\/div>\n\t\t\t\t<div class=\"elementor-element elementor-element-e715692 elementor-widget elementor-widget-heading\" data-id=\"e715692\" data-element_type=\"widget\" data-widget_type=\"heading.default\">\n\t\t\t\t<div class=\"elementor-widget-container\">\n\t\t\t<h2 class=\"elementor-heading-title elementor-size-default\">La Grandiose Roque-St Christophe, red\u00e9couverte par un visionnaire...<\/h2>\t\t<\/div>\n\t\t\t\t<\/div>\n\t\t\t\t<div class=\"elementor-element elementor-element-e0c8372 elementor-widget elementor-widget-text-editor\" data-id=\"e0c8372\" data-element_type=\"widget\" data-widget_type=\"text-editor.default\">\n\t\t\t\t<div class=\"elementor-widget-container\">\n\t\t\t\t\t<div class=\"elementor-text-editor elementor-clearfix\">Tout a commenc\u00e9 avec un bout de falaise, enfoui sous une dense chevelure chlorophylle compos\u00e9e de ronces f\u00e9roces et lierres aux troncs \u00e9pais comme ceux d&#8217;un ch\u00eane!\n\nLa Vall\u00e9e V\u00e9z\u00e8re est est le premier berceau touristiques du P\u00e9rigord Noir, avec l&#8217;av\u00e8nement de la Pr\u00e9histoire au XIXe si\u00e8cle, accompagn\u00e9e par la sp\u00e9l\u00e9ologie et donnant vie au tourisme troglodytique&#8230;\n\nDans cette vall\u00e9e encaiss\u00e9e, presque tout le monde avait son pan de falaise, des ruines ici-et-l\u00e0 ou des <i>Cluzeaux. A<\/i>vec cette nouvelle \u00e9conomie li\u00e9e au tourisme naissant, un petit malin a l&#8217;esprit visionnaire, <b>Gabriel Touron accompagn\u00e9 de son \u00e9pouse<\/b>, d\u00e9cide de d\u00e9fricher la <span style=\"color: #9c8c02;\"><strong><a style=\"color: #9c8c02;\" href=\"https:\/\/www.roque-st-christophe.com\/\">Roque-Saint-Christophe<\/a>\u00a0<\/strong><span style=\"color: #808080;\">pour l&#8217;ouvrir au public en 1938! D&#8217;abord en \u00e9t\u00e9, puis, la Roque &#8220;pousse&#8221; et grandit avec sa belle terrasse, rebaptis\u00e9e par leur fils, Jean-Max Touron, le &#8220;Boulevard de l&#8217;Humanit\u00e9&#8221;.\u00a0<\/span><\/span>\n<h2><span style=\"color: #9c8c02;\"><span style=\"color: #808080;\">Jean-Max, analogue \u00e0 ces chevaliers conqu\u00e9rants du Moyen-\u00c2ge, hors du temps, prendra son envol pour collectionner les beaut\u00e9s calcaires du pays ! Histoire de les valoriser et les rendre accessibles \u00e0 la visite.<\/span><\/span><\/h2>\n<span style=\"color: #9c8c02;\"><span style=\"color: #808080;\">D\u00e9couvrez dans la vid\u00e9o ci-dessous \u00e0 quoi ressemble ce site majeur ouvert \u00e0 l&#8217;ann\u00e9e, accompagn\u00e9 par la Maison Forte de Reignac:<\/span><\/span><\/div>\n\t\t\t\t<\/div>\n\t\t\t\t<\/div>\n\t\t\t\t<div class=\"elementor-element elementor-element-abb8bd4 elementor-aspect-ratio-169 elementor-widget elementor-widget-video\" data-id=\"abb8bd4\" data-element_type=\"widget\" data-settings=\"{&quot;aspect_ratio&quot;:&quot;169&quot;}\" data-widget_type=\"video.default\">\n\t\t\t\t<div class=\"elementor-widget-container\">\n\t\t\t\t\t<div class=\"elementor-wrapper elementor-fit-aspect-ratio elementor-open-inline\">\n\t\t\t<iframe class=\"elementor-video-iframe\" allowfullscreen title=\"Lecteur vid\u00e9o youtube\" src=\"https:\/\/www.youtube.com\/embed\/3c_ALwfycKY?feature=oembed&amp;start&amp;end&amp;wmode=opaque&amp;loop=0&amp;controls=1&amp;mute=0&amp;rel=0&amp;modestbranding=0\"><\/iframe>\t\t<\/div>\n\t\t\t\t<\/div>\n\t\t\t\t<\/div>\n\t\t\t\t<section class=\"elementor-section elementor-inner-section elementor-element elementor-element-4e83344 elementor-section-boxed elementor-section-height-default elementor-section-height-default\" data-id=\"4e83344\" data-element_type=\"section\">\n\t\t\t\t\t\t<div class=\"elementor-container elementor-column-gap-default\">\n\t\t\t\t\t\t\t<div class=\"elementor-row\">\n\t\t\t\t\t<div class=\"elementor-column elementor-col-25 elementor-inner-column elementor-element elementor-element-2b2c8b2\" data-id=\"2b2c8b2\" data-element_type=\"column\">\n\t\t\t<div class=\"elementor-column-wrap elementor-element-populated\">\n\t\t\t\t\t\t\t<div class=\"elementor-widget-wrap\">\n\t\t\t\t\t\t<div class=\"elementor-element elementor-element-735862d elementor-widget elementor-widget-image\" data-id=\"735862d\" data-element_type=\"widget\" data-widget_type=\"image.default\">\n\t\t\t\t<div class=\"elementor-widget-container\">\n\t\t\t\t\t<div class=\"elementor-image\">\n\t\t\t\t\t\t\t<figure class=\"wp-caption\">\n\t\t\t\t\t\t\t\t\t\t\t<a href=\"https:\/\/perigord-dordogne-visites.com\/wp-content\/uploads\/2020\/12\/Amenagement-de-la-Grande-Terrasse.jpg\" data-elementor-open-lightbox=\"yes\" data-elementor-lightbox-title=\"Am\u00e9nagement Grande Terrasse\">\n\t\t\t\t\t\t\t<img src=\"https:\/\/perigord-dordogne-visites.com\/wp-content\/uploads\/elementor\/thumbs\/Amenagement-de-la-Grande-Terrasse-ozc1fzbtymis46yr69p5v03wht5m64z4nk4iem11hm.jpg\" title=\"Am\u00e9nagement Grande Terrasse\" alt=\"Am\u00e9nagement Roque Saint Christophe\" \/>\t\t\t\t\t\t\t\t<\/a>\n\t\t\t\t\t\t\t\t\t\t\t<figcaption class=\"widget-image-caption wp-caption-text\">Am\u00e9nagement de la Grande Terrasse avec Jean-Max Touron derri\u00e8re l'ouvrier \u00e0 la brouette<\/figcaption>\n\t\t\t\t\t\t\t\t\t\t<\/figure>\n\t\t\t\t\t<\/div>\n\t\t\t\t<\/div>\n\t\t\t\t<\/div>\n\t\t\t\t\t\t<\/div>\n\t\t\t\t\t<\/div>\n\t\t<\/div>\n\t\t\t\t<div class=\"elementor-column elementor-col-25 elementor-inner-column elementor-element elementor-element-7623ecb\" data-id=\"7623ecb\" data-element_type=\"column\">\n\t\t\t<div class=\"elementor-column-wrap elementor-element-populated\">\n\t\t\t\t\t\t\t<div class=\"elementor-widget-wrap\">\n\t\t\t\t\t\t<div class=\"elementor-element elementor-element-47f80ed elementor-widget elementor-widget-image\" data-id=\"47f80ed\" data-element_type=\"widget\" data-widget_type=\"image.default\">\n\t\t\t\t<div class=\"elementor-widget-container\">\n\t\t\t\t\t<div class=\"elementor-image\">\n\t\t\t\t\t\t\t<figure class=\"wp-caption\">\n\t\t\t\t\t\t\t\t\t\t\t<a href=\"https:\/\/perigord-dordogne-visites.com\/wp-content\/uploads\/2020\/12\/Roque-Saint-Christophe-\u00a9Calonne.jpg\" data-elementor-open-lightbox=\"yes\" data-elementor-lightbox-title=\"Roque Saint Christophe-\u00a9Calonne\">\n\t\t\t\t\t\t\t<img src=\"https:\/\/perigord-dordogne-visites.com\/wp-content\/uploads\/elementor\/thumbs\/Roque-Saint-Christophe-\u00a9Calonne-ozc1g410wsp7q8rxetqapgx7gqig8mhsc7dxszu2mi.jpg\" title=\"Roque Saint Christophe-\u00a9Calonne\" alt=\"Vue Grande Terrasse\" \/>\t\t\t\t\t\t\t\t<\/a>\n\t\t\t\t\t\t\t\t\t\t\t<figcaption class=\"widget-image-caption wp-caption-text\">Vue automnale depuis la Grande Terrasse de la Roque St Christophe<\/figcaption>\n\t\t\t\t\t\t\t\t\t\t<\/figure>\n\t\t\t\t\t<\/div>\n\t\t\t\t<\/div>\n\t\t\t\t<\/div>\n\t\t\t\t\t\t<\/div>\n\t\t\t\t\t<\/div>\n\t\t<\/div>\n\t\t\t\t<div class=\"elementor-column elementor-col-25 elementor-inner-column elementor-element elementor-element-5dc69a3\" data-id=\"5dc69a3\" data-element_type=\"column\">\n\t\t\t<div class=\"elementor-column-wrap elementor-element-populated\">\n\t\t\t\t\t\t\t<div class=\"elementor-widget-wrap\">\n\t\t\t\t\t\t<div class=\"elementor-element elementor-element-f02afd6 elementor-widget elementor-widget-image\" data-id=\"f02afd6\" data-element_type=\"widget\" data-widget_type=\"image.default\">\n\t\t\t\t<div class=\"elementor-widget-container\">\n\t\t\t\t\t<div class=\"elementor-image\">\n\t\t\t\t\t\t\t<figure class=\"wp-caption\">\n\t\t\t\t\t\t\t\t\t\t\t<a href=\"https:\/\/perigord-dordogne-visites.com\/wp-content\/uploads\/2020\/12\/RoqueSaintChristophe-MCalonne-jpg.jpg\" data-elementor-open-lightbox=\"yes\" data-elementor-lightbox-title=\"RoqueSaintChristophe-MCalonne-jpg\">\n\t\t\t\t\t\t\t<img src=\"https:\/\/perigord-dordogne-visites.com\/wp-content\/uploads\/elementor\/thumbs\/RoqueSaintChristophe-MCalonne-jpg-ozc1mz8ku83mjosubal6f8jfp2nzh0r6y6yn0rnj62.jpg\" title=\"RoqueSaintChristophe-MCalonne-jpg\" alt=\"Bas de la Roque-St-Christophe\" \/>\t\t\t\t\t\t\t\t<\/a>\n\t\t\t\t\t\t\t\t\t\t\t<figcaption class=\"widget-image-caption wp-caption-text\">Mr Jean-Max Touron, au pied de la Roque St Christophe<\/figcaption>\n\t\t\t\t\t\t\t\t\t\t<\/figure>\n\t\t\t\t\t<\/div>\n\t\t\t\t<\/div>\n\t\t\t\t<\/div>\n\t\t\t\t\t\t<\/div>\n\t\t\t\t\t<\/div>\n\t\t<\/div>\n\t\t\t\t<div class=\"elementor-column elementor-col-25 elementor-inner-column elementor-element elementor-element-30e552a\" data-id=\"30e552a\" data-element_type=\"column\">\n\t\t\t<div class=\"elementor-column-wrap elementor-element-populated\">\n\t\t\t\t\t\t\t<div class=\"elementor-widget-wrap\">\n\t\t\t\t\t\t<div class=\"elementor-element elementor-element-041a548 elementor-widget elementor-widget-image\" data-id=\"041a548\" data-element_type=\"widget\" data-widget_type=\"image.default\">\n\t\t\t\t<div class=\"elementor-widget-container\">\n\t\t\t\t\t<div class=\"elementor-image\">\n\t\t\t\t\t\t\t<figure class=\"wp-caption\">\n\t\t\t\t\t\t\t\t\t\t\t<a href=\"https:\/\/perigord-dordogne-visites.com\/wp-content\/uploads\/2020\/12\/Roque-St-Christophe-retro-scaled.jpg\" data-elementor-open-lightbox=\"yes\" data-elementor-lightbox-title=\"Roque-St-Christophe Retro\">\n\t\t\t\t\t\t\t<img src=\"https:\/\/perigord-dordogne-visites.com\/wp-content\/uploads\/elementor\/thumbs\/Roque-St-Christophe-retro-scaled-ozd0qgwli3q2pzidey0njwe1pt2x67q4zw419o9hai.jpg\" title=\"Roque-St-Christophe Retro\" alt=\"Roque-St-Christophe Retro\" \/>\t\t\t\t\t\t\t\t<\/a>\n\t\t\t\t\t\t\t\t\t\t\t<figcaption class=\"widget-image-caption wp-caption-text\">Ann\u00e9es '50 - '60, avec Gabriel & Jean-Max Touron en arri\u00e8re plan<\/figcaption>\n\t\t\t\t\t\t\t\t\t\t<\/figure>\n\t\t\t\t\t<\/div>\n\t\t\t\t<\/div>\n\t\t\t\t<\/div>\n\t\t\t\t\t\t<\/div>\n\t\t\t\t\t<\/div>\n\t\t<\/div>\n\t\t\t\t\t\t\t\t<\/div>\n\t\t\t\t\t<\/div>\n\t\t<\/section>\n\t\t\t\t<div class=\"elementor-element elementor-element-7e2ebfe elementor-widget elementor-widget-heading\" data-id=\"7e2ebfe\" data-element_type=\"widget\" data-widget_type=\"heading.default\">\n\t\t\t\t<div class=\"elementor-widget-container\">\n\t\t\t<h2 class=\"elementor-heading-title elementor-size-default\">La Famille Touron, Collectionneuse du P\u00e9rigord &amp; More...<\/h2>\t\t<\/div>\n\t\t\t\t<\/div>\n\t\t\t\t<div class=\"elementor-element elementor-element-17dca59 elementor-widget elementor-widget-text-editor\" data-id=\"17dca59\" data-element_type=\"widget\" data-widget_type=\"text-editor.default\">\n\t\t\t\t<div class=\"elementor-widget-container\">\n\t\t\t\t\t<div class=\"elementor-text-editor elementor-clearfix\"><p><span style=\"color: #808080; font-family: ABeeZee, sans-serif; font-size: 22px; text-align: justify;\">Aujourd&#8217;hui, la famille Touron regroupe 13 sites touristiques en P\u00e9rigord Noir, dans le Lot et la Vienne. La descendance est assur\u00e9e sous le signe de la gent f\u00e9minine.\u00a0<\/span><\/p><p><span style=\"color: #808080; font-family: ABeeZee, sans-serif; font-size: 22px; text-align: justify;\">A l&#8217;image de protectrices envers leur terre-m\u00e8re, la famille et son patriarche, \u0153uvrent pour la sauvegarde du patrimoine identitaire local depuis 4 g\u00e9n\u00e9rations! Prenant soin de poussi\u00e8res mill\u00e9naires, demeures de capes et d&#8217;\u00e9p\u00e9es, les Touron et leurs \u00e9quipes pr\u00e9servent des sites, marqu\u00e9s par une occupation humaine depuis la nuit des temps! Leur collection,\u00a0<\/span><span style=\"color: #808080; font-family: ABeeZee, sans-serif; font-size: 22px;\">empreinte de po\u00e9sie,<\/span><span style=\"color: #808080; font-family: ABeeZee, sans-serif; font-size: 22px;\">\u00a0est compos\u00e9e de sites rares sur des Grands Sites de France, Monuments Historiques ou inscrits au Patrimoine Mondial de l&#8217;Unesco.\u00a0<\/span><\/p><p>\u00a0<\/p><\/div>\n\t\t\t\t<\/div>\n\t\t\t\t<\/div>\n\t\t\t\t<div class=\"elementor-element elementor-element-d5875dc elementor-widget elementor-widget-menu-anchor\" data-id=\"d5875dc\" data-element_type=\"widget\" data-widget_type=\"menu-anchor.default\">\n\t\t\t\t<div class=\"elementor-widget-container\">\n\t\t\t\t\t<div id=\"photos\" class=\"elementor-menu-anchor\"><\/div>\n\t\t\t\t<\/div>\n\t\t\t\t<\/div>\n\t\t\t\t<div class=\"elementor-element elementor-element-0a795bc elementor-widget elementor-widget-heading\" data-id=\"0a795bc\" data-element_type=\"widget\" data-widget_type=\"heading.default\">\n\t\t\t\t<div class=\"elementor-widget-container\">\n\t\t\t<h2 class=\"elementor-heading-title elementor-size-default\">Photos In\u00e9dites du Manoir de la Salle,   Novembre 2020<\/h2>\t\t<\/div>\n\t\t\t\t<\/div>\n\t\t\t\t<div class=\"elementor-element elementor-element-3d3abc9 elementor-widget elementor-widget-image-gallery\" data-id=\"3d3abc9\" data-element_type=\"widget\" data-widget_type=\"image-gallery.default\">\n\t\t\t\t<div class=\"elementor-widget-container\">\n\t\t\t\t\t<div class=\"elementor-image-gallery\">\n\t\t\t<div id='gallery-2' class='gallery galleryid-4380 gallery-columns-4 gallery-size-woocommerce_thumbnail'><figure class='gallery-item'>\n\t\t\t<div class='gallery-icon landscape'>\n\t\t\t\t<a data-elementor-open-lightbox=\"yes\" data-elementor-lightbox-slideshow=\"3d3abc9\" data-elementor-lightbox-title=\"\u00a9Calonne-2020-UneTeteEntreLes Lauzes petite\" href='https:\/\/perigord-dordogne-visites.com\/wp-content\/uploads\/2020\/12\/\u00a9Calonne-2020-UneTeteEntreLes-Lauzes-petite.jpg'><img width=\"250\" height=\"250\" src=\"https:\/\/perigord-dordogne-visites.com\/wp-content\/uploads\/2020\/12\/\u00a9Calonne-2020-UneTeteEntreLes-Lauzes-petite-250x250.jpg\" class=\"attachment-woocommerce_thumbnail size-woocommerce_thumbnail\" alt=\"\" loading=\"lazy\" srcset=\"https:\/\/perigord-dordogne-visites.com\/wp-content\/uploads\/2020\/12\/\u00a9Calonne-2020-UneTeteEntreLes-Lauzes-petite-250x250.jpg 250w, https:\/\/perigord-dordogne-visites.com\/wp-content\/uploads\/2020\/12\/\u00a9Calonne-2020-UneTeteEntreLes-Lauzes-petite-150x150.jpg 150w, https:\/\/perigord-dordogne-visites.com\/wp-content\/uploads\/2020\/12\/\u00a9Calonne-2020-UneTeteEntreLes-Lauzes-petite-100x100.jpg 100w\" sizes=\"100vw\" \/><\/a>\n\t\t\t<\/div><\/figure><figure class='gallery-item'>\n\t\t\t<div class='gallery-icon portrait'>\n\t\t\t\t<a data-elementor-open-lightbox=\"yes\" data-elementor-lightbox-slideshow=\"3d3abc9\" data-elementor-lightbox-title=\"Vue Clocher-CALONNE PETIITE\" href='https:\/\/perigord-dordogne-visites.com\/wp-content\/uploads\/2020\/12\/Vue-Clocher-CALONNE-PETIITE.jpg'><img width=\"250\" height=\"250\" src=\"https:\/\/perigord-dordogne-visites.com\/wp-content\/uploads\/2020\/12\/Vue-Clocher-CALONNE-PETIITE-250x250.jpg\" class=\"attachment-woocommerce_thumbnail size-woocommerce_thumbnail\" alt=\"\" loading=\"lazy\" srcset=\"https:\/\/perigord-dordogne-visites.com\/wp-content\/uploads\/2020\/12\/Vue-Clocher-CALONNE-PETIITE-250x250.jpg 250w, https:\/\/perigord-dordogne-visites.com\/wp-content\/uploads\/2020\/12\/Vue-Clocher-CALONNE-PETIITE-150x150.jpg 150w, https:\/\/perigord-dordogne-visites.com\/wp-content\/uploads\/2020\/12\/Vue-Clocher-CALONNE-PETIITE-100x100.jpg 100w\" sizes=\"100vw\" \/><\/a>\n\t\t\t<\/div><\/figure><figure class='gallery-item'>\n\t\t\t<div class='gallery-icon landscape'>\n\t\t\t\t<a data-elementor-open-lightbox=\"yes\" data-elementor-lightbox-slideshow=\"3d3abc9\" data-elementor-lightbox-title=\"\u00a9CALONNE-2020-ManoirdeSalle-PETITE\" href='https:\/\/perigord-dordogne-visites.com\/wp-content\/uploads\/2020\/12\/\u00a9CALONNE-2020-ManoirdeSalle-PETITE.jpg'><img width=\"250\" height=\"250\" src=\"https:\/\/perigord-dordogne-visites.com\/wp-content\/uploads\/2020\/12\/\u00a9CALONNE-2020-ManoirdeSalle-PETITE-250x250.jpg\" class=\"attachment-woocommerce_thumbnail size-woocommerce_thumbnail\" alt=\"\" loading=\"lazy\" srcset=\"https:\/\/perigord-dordogne-visites.com\/wp-content\/uploads\/2020\/12\/\u00a9CALONNE-2020-ManoirdeSalle-PETITE-250x250.jpg 250w, https:\/\/perigord-dordogne-visites.com\/wp-content\/uploads\/2020\/12\/\u00a9CALONNE-2020-ManoirdeSalle-PETITE-150x150.jpg 150w, https:\/\/perigord-dordogne-visites.com\/wp-content\/uploads\/2020\/12\/\u00a9CALONNE-2020-ManoirdeSalle-PETITE-100x100.jpg 100w\" sizes=\"100vw\" \/><\/a>\n\t\t\t<\/div><\/figure><figure class='gallery-item'>\n\t\t\t<div class='gallery-icon portrait'>\n\t\t\t\t<a data-elementor-open-lightbox=\"yes\" data-elementor-lightbox-slideshow=\"3d3abc9\" data-elementor-lightbox-title=\"\u00a9CALONNE-2020-ManoirdeSalle (7) PETITE\" href='https:\/\/perigord-dordogne-visites.com\/wp-content\/uploads\/2020\/12\/\u00a9CALONNE-2020-ManoirdeSalle-7-PETITE.jpg'><img width=\"250\" height=\"250\" src=\"https:\/\/perigord-dordogne-visites.com\/wp-content\/uploads\/2020\/12\/\u00a9CALONNE-2020-ManoirdeSalle-7-PETITE-250x250.jpg\" class=\"attachment-woocommerce_thumbnail size-woocommerce_thumbnail\" alt=\"\" loading=\"lazy\" srcset=\"https:\/\/perigord-dordogne-visites.com\/wp-content\/uploads\/2020\/12\/\u00a9CALONNE-2020-ManoirdeSalle-7-PETITE-250x250.jpg 250w, https:\/\/perigord-dordogne-visites.com\/wp-content\/uploads\/2020\/12\/\u00a9CALONNE-2020-ManoirdeSalle-7-PETITE-150x150.jpg 150w, https:\/\/perigord-dordogne-visites.com\/wp-content\/uploads\/2020\/12\/\u00a9CALONNE-2020-ManoirdeSalle-7-PETITE-100x100.jpg 100w\" sizes=\"100vw\" \/><\/a>\n\t\t\t<\/div><\/figure><figure class='gallery-item'>\n\t\t\t<div class='gallery-icon landscape'>\n\t\t\t\t<a data-elementor-open-lightbox=\"yes\" data-elementor-lightbox-slideshow=\"3d3abc9\" data-elementor-lightbox-title=\"\u00a9CALONNE-2020-ManoirdeSalle (9)WEB PETITE\" data-elementor-lightbox-description=\"Le Donjon et Manoir de Salle, SAint-L\u00e9on-sur-Vezere\" href='https:\/\/perigord-dordogne-visites.com\/wp-content\/uploads\/2020\/12\/\u00a9CALONNE-2020-ManoirdeSalle-9WEB-PETITE.jpg'><img width=\"250\" height=\"250\" src=\"https:\/\/perigord-dordogne-visites.com\/wp-content\/uploads\/2020\/12\/\u00a9CALONNE-2020-ManoirdeSalle-9WEB-PETITE-250x250.jpg\" class=\"attachment-woocommerce_thumbnail size-woocommerce_thumbnail\" alt=\"perigord, donjon, manoir, vezere, architecture\" loading=\"lazy\" srcset=\"https:\/\/perigord-dordogne-visites.com\/wp-content\/uploads\/2020\/12\/\u00a9CALONNE-2020-ManoirdeSalle-9WEB-PETITE-250x250.jpg 250w, https:\/\/perigord-dordogne-visites.com\/wp-content\/uploads\/2020\/12\/\u00a9CALONNE-2020-ManoirdeSalle-9WEB-PETITE-150x150.jpg 150w, https:\/\/perigord-dordogne-visites.com\/wp-content\/uploads\/2020\/12\/\u00a9CALONNE-2020-ManoirdeSalle-9WEB-PETITE-100x100.jpg 100w\" sizes=\"100vw\" \/><\/a>\n\t\t\t<\/div><\/figure><figure class='gallery-item'>\n\t\t\t<div class='gallery-icon landscape'>\n\t\t\t\t<a data-elementor-open-lightbox=\"yes\" data-elementor-lightbox-slideshow=\"3d3abc9\" data-elementor-lightbox-title=\"\u00a9CALONNE-2020-ManoirdeSalle (19WEB)PETITE\" data-elementor-lightbox-description=\"Le Donjon et Manoir de Salle, SAint-L\u00e9on-sur-Vezere\" href='https:\/\/perigord-dordogne-visites.com\/wp-content\/uploads\/2020\/12\/\u00a9CALONNE-2020-ManoirdeSalle-19WEBPETITE.jpg'><img width=\"250\" height=\"250\" src=\"https:\/\/perigord-dordogne-visites.com\/wp-content\/uploads\/2020\/12\/\u00a9CALONNE-2020-ManoirdeSalle-19WEBPETITE-250x250.jpg\" class=\"attachment-woocommerce_thumbnail size-woocommerce_thumbnail\" alt=\"\" loading=\"lazy\" srcset=\"https:\/\/perigord-dordogne-visites.com\/wp-content\/uploads\/2020\/12\/\u00a9CALONNE-2020-ManoirdeSalle-19WEBPETITE-250x250.jpg 250w, https:\/\/perigord-dordogne-visites.com\/wp-content\/uploads\/2020\/12\/\u00a9CALONNE-2020-ManoirdeSalle-19WEBPETITE-150x150.jpg 150w, https:\/\/perigord-dordogne-visites.com\/wp-content\/uploads\/2020\/12\/\u00a9CALONNE-2020-ManoirdeSalle-19WEBPETITE-100x100.jpg 100w\" sizes=\"100vw\" \/><\/a>\n\t\t\t<\/div><\/figure><figure class='gallery-item'>\n\t\t\t<div class='gallery-icon landscape'>\n\t\t\t\t<a data-elementor-open-lightbox=\"yes\" data-elementor-lightbox-slideshow=\"3d3abc9\" data-elementor-lightbox-title=\"\u00a9CALONNE-2020-ManoirdeSalle (27)WEB PETITE\" data-elementor-lightbox-description=\"Le Donjon et Manoir de Salle, SAint-L\u00e9on-sur-Vezere\" href='https:\/\/perigord-dordogne-visites.com\/wp-content\/uploads\/2020\/12\/\u00a9CALONNE-2020-ManoirdeSalle-27WEB-PETITE.jpg'><img width=\"250\" height=\"250\" src=\"https:\/\/perigord-dordogne-visites.com\/wp-content\/uploads\/2020\/12\/\u00a9CALONNE-2020-ManoirdeSalle-27WEB-PETITE-250x250.jpg\" class=\"attachment-woocommerce_thumbnail size-woocommerce_thumbnail\" alt=\"\" loading=\"lazy\" srcset=\"https:\/\/perigord-dordogne-visites.com\/wp-content\/uploads\/2020\/12\/\u00a9CALONNE-2020-ManoirdeSalle-27WEB-PETITE-250x250.jpg 250w, https:\/\/perigord-dordogne-visites.com\/wp-content\/uploads\/2020\/12\/\u00a9CALONNE-2020-ManoirdeSalle-27WEB-PETITE-150x150.jpg 150w, https:\/\/perigord-dordogne-visites.com\/wp-content\/uploads\/2020\/12\/\u00a9CALONNE-2020-ManoirdeSalle-27WEB-PETITE-100x100.jpg 100w\" sizes=\"100vw\" \/><\/a>\n\t\t\t<\/div><\/figure><figure class='gallery-item'>\n\t\t\t<div class='gallery-icon landscape'>\n\t\t\t\t<a data-elementor-open-lightbox=\"yes\" data-elementor-lightbox-slideshow=\"3d3abc9\" data-elementor-lightbox-title=\"\u00a9CALONNE-2020-ManoirdeSalle 14 WEB PETITE\" data-elementor-lightbox-description=\"Le Donjon et Manoir de Salle, SAint-L\u00e9on-sur-Vezere\" href='https:\/\/perigord-dordogne-visites.com\/wp-content\/uploads\/2020\/12\/\u00a9CALONNE-2020-ManoirdeSalle-14-WEB-PETITE.jpg'><img width=\"250\" height=\"250\" src=\"https:\/\/perigord-dordogne-visites.com\/wp-content\/uploads\/2020\/12\/\u00a9CALONNE-2020-ManoirdeSalle-14-WEB-PETITE-250x250.jpg\" class=\"attachment-woocommerce_thumbnail size-woocommerce_thumbnail\" alt=\"\" loading=\"lazy\" srcset=\"https:\/\/perigord-dordogne-visites.com\/wp-content\/uploads\/2020\/12\/\u00a9CALONNE-2020-ManoirdeSalle-14-WEB-PETITE-250x250.jpg 250w, https:\/\/perigord-dordogne-visites.com\/wp-content\/uploads\/2020\/12\/\u00a9CALONNE-2020-ManoirdeSalle-14-WEB-PETITE-150x150.jpg 150w, https:\/\/perigord-dordogne-visites.com\/wp-content\/uploads\/2020\/12\/\u00a9CALONNE-2020-ManoirdeSalle-14-WEB-PETITE-100x100.jpg 100w\" sizes=\"100vw\" \/><\/a>\n\t\t\t<\/div><\/figure><figure class='gallery-item'>\n\t\t\t<div class='gallery-icon landscape'>\n\t\t\t\t<a data-elementor-open-lightbox=\"yes\" data-elementor-lightbox-slideshow=\"3d3abc9\" data-elementor-lightbox-title=\"Manoir de la Salle-St Leon-\u00a9Calonne-2020 (1)\" data-elementor-lightbox-description=\"donjon-de-la-salle, saint-leon-sur-vezere, La-salle, manoir-de-la-salle \" href='https:\/\/perigord-dordogne-visites.com\/wp-content\/uploads\/2020\/12\/Manoir-de-la-Salle-St-Leon-\u00a9Calonne-2020-1.jpg'><img width=\"250\" height=\"250\" src=\"https:\/\/perigord-dordogne-visites.com\/wp-content\/uploads\/2020\/12\/Manoir-de-la-Salle-St-Leon-\u00a9Calonne-2020-1-250x250.jpg\" class=\"attachment-woocommerce_thumbnail size-woocommerce_thumbnail\" alt=\"donjon-de-la-salle, saint-leon-sur-vezere, La-salle, manoir-de-la-salle\" loading=\"lazy\" srcset=\"https:\/\/perigord-dordogne-visites.com\/wp-content\/uploads\/2020\/12\/Manoir-de-la-Salle-St-Leon-\u00a9Calonne-2020-1-250x250.jpg 250w, https:\/\/perigord-dordogne-visites.com\/wp-content\/uploads\/2020\/12\/Manoir-de-la-Salle-St-Leon-\u00a9Calonne-2020-1-150x150.jpg 150w, https:\/\/perigord-dordogne-visites.com\/wp-content\/uploads\/2020\/12\/Manoir-de-la-Salle-St-Leon-\u00a9Calonne-2020-1-100x100.jpg 100w\" sizes=\"100vw\" \/><\/a>\n\t\t\t<\/div><\/figure><figure class='gallery-item'>\n\t\t\t<div class='gallery-icon landscape'>\n\t\t\t\t<a data-elementor-open-lightbox=\"yes\" data-elementor-lightbox-slideshow=\"3d3abc9\" data-elementor-lightbox-title=\"Manoir de la Salle-St Leon-\u00a9Calonne-2020 (5)\" data-elementor-lightbox-description=\"donjon-de-la-salle, saint-leon-sur-vezere, La-salle, manoir-de-la-salle \" href='https:\/\/perigord-dordogne-visites.com\/wp-content\/uploads\/2020\/12\/Manoir-de-la-Salle-St-Leon-\u00a9Calonne-2020-5.jpg'><img width=\"250\" height=\"250\" src=\"https:\/\/perigord-dordogne-visites.com\/wp-content\/uploads\/2020\/12\/Manoir-de-la-Salle-St-Leon-\u00a9Calonne-2020-5-250x250.jpg\" class=\"attachment-woocommerce_thumbnail size-woocommerce_thumbnail\" alt=\"donjon-de-la-salle, saint-leon-sur-vezere, La-salle, manoir-de-la-salle\" loading=\"lazy\" srcset=\"https:\/\/perigord-dordogne-visites.com\/wp-content\/uploads\/2020\/12\/Manoir-de-la-Salle-St-Leon-\u00a9Calonne-2020-5-250x250.jpg 250w, https:\/\/perigord-dordogne-visites.com\/wp-content\/uploads\/2020\/12\/Manoir-de-la-Salle-St-Leon-\u00a9Calonne-2020-5-150x150.jpg 150w, https:\/\/perigord-dordogne-visites.com\/wp-content\/uploads\/2020\/12\/Manoir-de-la-Salle-St-Leon-\u00a9Calonne-2020-5-100x100.jpg 100w\" sizes=\"100vw\" \/><\/a>\n\t\t\t<\/div><\/figure><figure class='gallery-item'>\n\t\t\t<div class='gallery-icon landscape'>\n\t\t\t\t<a data-elementor-open-lightbox=\"yes\" data-elementor-lightbox-slideshow=\"3d3abc9\" data-elementor-lightbox-title=\"Manoir de la Salle-St Leon-\u00a9Calonne-2020 (6)\" data-elementor-lightbox-description=\"donjon-de-la-salle, saint-leon-sur-vezere, La-salle, manoir-de-la-salle \" href='https:\/\/perigord-dordogne-visites.com\/wp-content\/uploads\/2020\/12\/Manoir-de-la-Salle-St-Leon-\u00a9Calonne-2020-6.jpg'><img width=\"250\" height=\"250\" src=\"https:\/\/perigord-dordogne-visites.com\/wp-content\/uploads\/2020\/12\/Manoir-de-la-Salle-St-Leon-\u00a9Calonne-2020-6-250x250.jpg\" class=\"attachment-woocommerce_thumbnail size-woocommerce_thumbnail\" alt=\"donjon-de-la-salle, saint-leon-sur-vezere, La-salle, manoir-de-la-salle\" loading=\"lazy\" srcset=\"https:\/\/perigord-dordogne-visites.com\/wp-content\/uploads\/2020\/12\/Manoir-de-la-Salle-St-Leon-\u00a9Calonne-2020-6-250x250.jpg 250w, https:\/\/perigord-dordogne-visites.com\/wp-content\/uploads\/2020\/12\/Manoir-de-la-Salle-St-Leon-\u00a9Calonne-2020-6-150x150.jpg 150w, https:\/\/perigord-dordogne-visites.com\/wp-content\/uploads\/2020\/12\/Manoir-de-la-Salle-St-Leon-\u00a9Calonne-2020-6-100x100.jpg 100w\" sizes=\"100vw\" \/><\/a>\n\t\t\t<\/div><\/figure><figure class='gallery-item'>\n\t\t\t<div class='gallery-icon landscape'>\n\t\t\t\t<a data-elementor-open-lightbox=\"yes\" data-elementor-lightbox-slideshow=\"3d3abc9\" data-elementor-lightbox-title=\"Manoir de la Salle-St Leon-\u00a9Calonne-2020 (7)\" data-elementor-lightbox-description=\"donjon-de-la-salle, saint-leon-sur-vezere, La-salle, manoir-de-la-salle \" href='https:\/\/perigord-dordogne-visites.com\/wp-content\/uploads\/2020\/12\/Manoir-de-la-Salle-St-Leon-\u00a9Calonne-2020-7.jpg'><img width=\"250\" height=\"250\" src=\"https:\/\/perigord-dordogne-visites.com\/wp-content\/uploads\/2020\/12\/Manoir-de-la-Salle-St-Leon-\u00a9Calonne-2020-7-250x250.jpg\" class=\"attachment-woocommerce_thumbnail size-woocommerce_thumbnail\" alt=\"donjon-de-la-salle, saint-leon-sur-vezere, La-salle, manoir-de-la-salle\" loading=\"lazy\" srcset=\"https:\/\/perigord-dordogne-visites.com\/wp-content\/uploads\/2020\/12\/Manoir-de-la-Salle-St-Leon-\u00a9Calonne-2020-7-250x250.jpg 250w, https:\/\/perigord-dordogne-visites.com\/wp-content\/uploads\/2020\/12\/Manoir-de-la-Salle-St-Leon-\u00a9Calonne-2020-7-150x150.jpg 150w, https:\/\/perigord-dordogne-visites.com\/wp-content\/uploads\/2020\/12\/Manoir-de-la-Salle-St-Leon-\u00a9Calonne-2020-7-100x100.jpg 100w\" sizes=\"100vw\" \/><\/a>\n\t\t\t<\/div><\/figure><figure class='gallery-item'>\n\t\t\t<div class='gallery-icon landscape'>\n\t\t\t\t<a data-elementor-open-lightbox=\"yes\" data-elementor-lightbox-slideshow=\"3d3abc9\" data-elementor-lightbox-title=\"Manoir de la Salle-St Leon-\u00a9Calonne-2020 (8)\" data-elementor-lightbox-description=\"donjon-de-la-salle, saint-leon-sur-vezere, La-salle, manoir-de-la-salle \" href='https:\/\/perigord-dordogne-visites.com\/wp-content\/uploads\/2020\/12\/Manoir-de-la-Salle-St-Leon-\u00a9Calonne-2020-8.jpg'><img width=\"250\" height=\"250\" src=\"https:\/\/perigord-dordogne-visites.com\/wp-content\/uploads\/2020\/12\/Manoir-de-la-Salle-St-Leon-\u00a9Calonne-2020-8-250x250.jpg\" class=\"attachment-woocommerce_thumbnail size-woocommerce_thumbnail\" alt=\"donjon-de-la-salle, saint-leon-sur-vezere, La-salle, manoir-de-la-salle\" loading=\"lazy\" srcset=\"https:\/\/perigord-dordogne-visites.com\/wp-content\/uploads\/2020\/12\/Manoir-de-la-Salle-St-Leon-\u00a9Calonne-2020-8-250x250.jpg 250w, https:\/\/perigord-dordogne-visites.com\/wp-content\/uploads\/2020\/12\/Manoir-de-la-Salle-St-Leon-\u00a9Calonne-2020-8-150x150.jpg 150w, https:\/\/perigord-dordogne-visites.com\/wp-content\/uploads\/2020\/12\/Manoir-de-la-Salle-St-Leon-\u00a9Calonne-2020-8-100x100.jpg 100w\" sizes=\"100vw\" \/><\/a>\n\t\t\t<\/div><\/figure><figure class='gallery-item'>\n\t\t\t<div class='gallery-icon landscape'>\n\t\t\t\t<a data-elementor-open-lightbox=\"yes\" data-elementor-lightbox-slideshow=\"3d3abc9\" data-elementor-lightbox-title=\"Manoir de la Salle-St Leon-\u00a9Calonne-2020 (9)\" data-elementor-lightbox-description=\"donjon-de-la-salle, saint-leon-sur-vezere, La-salle, manoir-de-la-salle \" href='https:\/\/perigord-dordogne-visites.com\/wp-content\/uploads\/2020\/12\/Manoir-de-la-Salle-St-Leon-\u00a9Calonne-2020-9.jpg'><img width=\"250\" height=\"250\" src=\"https:\/\/perigord-dordogne-visites.com\/wp-content\/uploads\/2020\/12\/Manoir-de-la-Salle-St-Leon-\u00a9Calonne-2020-9-250x250.jpg\" class=\"attachment-woocommerce_thumbnail size-woocommerce_thumbnail\" alt=\"donjon-de-la-salle, saint-leon-sur-vezere, La-salle, manoir-de-la-salle\" loading=\"lazy\" srcset=\"https:\/\/perigord-dordogne-visites.com\/wp-content\/uploads\/2020\/12\/Manoir-de-la-Salle-St-Leon-\u00a9Calonne-2020-9-250x250.jpg 250w, https:\/\/perigord-dordogne-visites.com\/wp-content\/uploads\/2020\/12\/Manoir-de-la-Salle-St-Leon-\u00a9Calonne-2020-9-150x150.jpg 150w, https:\/\/perigord-dordogne-visites.com\/wp-content\/uploads\/2020\/12\/Manoir-de-la-Salle-St-Leon-\u00a9Calonne-2020-9-100x100.jpg 100w\" sizes=\"100vw\" \/><\/a>\n\t\t\t<\/div><\/figure><figure class='gallery-item'>\n\t\t\t<div class='gallery-icon landscape'>\n\t\t\t\t<a data-elementor-open-lightbox=\"yes\" data-elementor-lightbox-slideshow=\"3d3abc9\" data-elementor-lightbox-title=\"Manoir de la Salle-St Leon-\u00a9Calonne-2020 (13)\" data-elementor-lightbox-description=\"donjon-de-la-salle, saint-leon-sur-vezere, La-salle, manoir-de-la-salle \" href='https:\/\/perigord-dordogne-visites.com\/wp-content\/uploads\/2020\/12\/Manoir-de-la-Salle-St-Leon-\u00a9Calonne-2020-13.jpg'><img width=\"250\" height=\"250\" src=\"https:\/\/perigord-dordogne-visites.com\/wp-content\/uploads\/2020\/12\/Manoir-de-la-Salle-St-Leon-\u00a9Calonne-2020-13-250x250.jpg\" class=\"attachment-woocommerce_thumbnail size-woocommerce_thumbnail\" alt=\"donjon-de-la-salle, saint-leon-sur-vezere, La-salle, manoir-de-la-salle\" loading=\"lazy\" srcset=\"https:\/\/perigord-dordogne-visites.com\/wp-content\/uploads\/2020\/12\/Manoir-de-la-Salle-St-Leon-\u00a9Calonne-2020-13-250x250.jpg 250w, https:\/\/perigord-dordogne-visites.com\/wp-content\/uploads\/2020\/12\/Manoir-de-la-Salle-St-Leon-\u00a9Calonne-2020-13-150x150.jpg 150w, https:\/\/perigord-dordogne-visites.com\/wp-content\/uploads\/2020\/12\/Manoir-de-la-Salle-St-Leon-\u00a9Calonne-2020-13-100x100.jpg 100w\" sizes=\"100vw\" \/><\/a>\n\t\t\t<\/div><\/figure><figure class='gallery-item'>\n\t\t\t<div class='gallery-icon landscape'>\n\t\t\t\t<a data-elementor-open-lightbox=\"yes\" data-elementor-lightbox-slideshow=\"3d3abc9\" data-elementor-lightbox-title=\"Manoir de la Salle-St Leon-\u00a9Calonne-2020 (14)\" data-elementor-lightbox-description=\"donjon-de-la-salle, saint-leon-sur-vezere, La-salle, manoir-de-la-salle \" href='https:\/\/perigord-dordogne-visites.com\/wp-content\/uploads\/2020\/12\/Manoir-de-la-Salle-St-Leon-\u00a9Calonne-2020-14.jpg'><img width=\"250\" height=\"250\" src=\"https:\/\/perigord-dordogne-visites.com\/wp-content\/uploads\/2020\/12\/Manoir-de-la-Salle-St-Leon-\u00a9Calonne-2020-14-250x250.jpg\" class=\"attachment-woocommerce_thumbnail size-woocommerce_thumbnail\" alt=\"donjon-de-la-salle, saint-leon-sur-vezere, La-salle, manoir-de-la-salle\" loading=\"lazy\" srcset=\"https:\/\/perigord-dordogne-visites.com\/wp-content\/uploads\/2020\/12\/Manoir-de-la-Salle-St-Leon-\u00a9Calonne-2020-14-250x250.jpg 250w, https:\/\/perigord-dordogne-visites.com\/wp-content\/uploads\/2020\/12\/Manoir-de-la-Salle-St-Leon-\u00a9Calonne-2020-14-150x150.jpg 150w, https:\/\/perigord-dordogne-visites.com\/wp-content\/uploads\/2020\/12\/Manoir-de-la-Salle-St-Leon-\u00a9Calonne-2020-14-100x100.jpg 100w\" sizes=\"100vw\" \/><\/a>\n\t\t\t<\/div><\/figure><figure class='gallery-item'>\n\t\t\t<div class='gallery-icon landscape'>\n\t\t\t\t<a data-elementor-open-lightbox=\"yes\" data-elementor-lightbox-slideshow=\"3d3abc9\" data-elementor-lightbox-title=\"Manoir de la Salle-St Leon-\u00a9Calonne-2020 (10)\" data-elementor-lightbox-description=\"donjon-de-la-salle, saint-leon-sur-vezere, La-salle, manoir-de-la-salle \" href='https:\/\/perigord-dordogne-visites.com\/wp-content\/uploads\/2020\/12\/Manoir-de-la-Salle-St-Leon-\u00a9Calonne-2020-10-1.jpg'><img width=\"250\" height=\"250\" src=\"https:\/\/perigord-dordogne-visites.com\/wp-content\/uploads\/2020\/12\/Manoir-de-la-Salle-St-Leon-\u00a9Calonne-2020-10-1-250x250.jpg\" class=\"attachment-woocommerce_thumbnail size-woocommerce_thumbnail\" alt=\"donjon-de-la-salle, saint-leon-sur-vezere, La-salle, manoir-de-la-salle\" loading=\"lazy\" srcset=\"https:\/\/perigord-dordogne-visites.com\/wp-content\/uploads\/2020\/12\/Manoir-de-la-Salle-St-Leon-\u00a9Calonne-2020-10-1-250x250.jpg 250w, https:\/\/perigord-dordogne-visites.com\/wp-content\/uploads\/2020\/12\/Manoir-de-la-Salle-St-Leon-\u00a9Calonne-2020-10-1-150x150.jpg 150w, https:\/\/perigord-dordogne-visites.com\/wp-content\/uploads\/2020\/12\/Manoir-de-la-Salle-St-Leon-\u00a9Calonne-2020-10-1-100x100.jpg 100w\" sizes=\"100vw\" \/><\/a>\n\t\t\t<\/div><\/figure><figure class='gallery-item'>\n\t\t\t<div class='gallery-icon landscape'>\n\t\t\t\t<a data-elementor-open-lightbox=\"yes\" data-elementor-lightbox-slideshow=\"3d3abc9\" data-elementor-lightbox-title=\"La demeure avec couverture en Ardoises!\" data-elementor-lightbox-description=\"donjon-de-la-salle, saint-leon-sur-vezere, La-salle, manoir-de-la-salle \" href='https:\/\/perigord-dordogne-visites.com\/wp-content\/uploads\/2020\/12\/045-saint-leon-sur-vezere-chateau-salle-xii-siecle.jpg'><img width=\"250\" height=\"250\" src=\"https:\/\/perigord-dordogne-visites.com\/wp-content\/uploads\/2020\/12\/045-saint-leon-sur-vezere-chateau-salle-xii-siecle-250x250.jpg\" class=\"attachment-woocommerce_thumbnail size-woocommerce_thumbnail\" alt=\"\" loading=\"lazy\" srcset=\"https:\/\/perigord-dordogne-visites.com\/wp-content\/uploads\/2020\/12\/045-saint-leon-sur-vezere-chateau-salle-xii-siecle-250x250.jpg 250w, https:\/\/perigord-dordogne-visites.com\/wp-content\/uploads\/2020\/12\/045-saint-leon-sur-vezere-chateau-salle-xii-siecle-150x150.jpg 150w, https:\/\/perigord-dordogne-visites.com\/wp-content\/uploads\/2020\/12\/045-saint-leon-sur-vezere-chateau-salle-xii-siecle-100x100.jpg 100w\" sizes=\"100vw\" \/><\/a>\n\t\t\t<\/div><\/figure><figure class='gallery-item'>\n\t\t\t<div class='gallery-icon landscape'>\n\t\t\t\t<a data-elementor-open-lightbox=\"yes\" data-elementor-lightbox-slideshow=\"3d3abc9\" data-elementor-lightbox-title=\"petite\" data-elementor-lightbox-description=\"donjon-de-la-salle, saint-leon-sur-vezere, La-salle, manoir-de-la-salle \" href='https:\/\/perigord-dordogne-visites.com\/wp-content\/uploads\/2020\/12\/petite.jpg'><img width=\"250\" height=\"250\" src=\"https:\/\/perigord-dordogne-visites.com\/wp-content\/uploads\/2020\/12\/petite-250x250.jpg\" class=\"attachment-woocommerce_thumbnail size-woocommerce_thumbnail\" alt=\"\" loading=\"lazy\" srcset=\"https:\/\/perigord-dordogne-visites.com\/wp-content\/uploads\/2020\/12\/petite-250x250.jpg 250w, https:\/\/perigord-dordogne-visites.com\/wp-content\/uploads\/2020\/12\/petite-150x150.jpg 150w, https:\/\/perigord-dordogne-visites.com\/wp-content\/uploads\/2020\/12\/petite-100x100.jpg 100w\" sizes=\"100vw\" \/><\/a>\n\t\t\t<\/div><\/figure><figure class='gallery-item'>\n\t\t\t<div class='gallery-icon landscape'>\n\t\t\t\t<a data-elementor-open-lightbox=\"yes\" data-elementor-lightbox-slideshow=\"3d3abc9\" data-elementor-lightbox-title=\"Le c\u00e9dre g\u00e9ant\" data-elementor-lightbox-description=\"donjon-de-la-salle, saint-leon-sur-vezere, La-salle, manoir-de-la-salle \" href='https:\/\/perigord-dordogne-visites.com\/wp-content\/uploads\/2020\/12\/121665101_10220238086215067_5928493668807735129_n.jpg'><img width=\"250\" height=\"250\" src=\"https:\/\/perigord-dordogne-visites.com\/wp-content\/uploads\/2020\/12\/121665101_10220238086215067_5928493668807735129_n-250x250.jpg\" class=\"attachment-woocommerce_thumbnail size-woocommerce_thumbnail\" alt=\"\" loading=\"lazy\" srcset=\"https:\/\/perigord-dordogne-visites.com\/wp-content\/uploads\/2020\/12\/121665101_10220238086215067_5928493668807735129_n-250x250.jpg 250w, https:\/\/perigord-dordogne-visites.com\/wp-content\/uploads\/2020\/12\/121665101_10220238086215067_5928493668807735129_n-150x150.jpg 150w, https:\/\/perigord-dordogne-visites.com\/wp-content\/uploads\/2020\/12\/121665101_10220238086215067_5928493668807735129_n-100x100.jpg 100w\" sizes=\"100vw\" \/><\/a>\n\t\t\t<\/div><\/figure><figure class='gallery-item'>\n\t\t\t<div class='gallery-icon portrait'>\n\t\t\t\t<a data-elementor-open-lightbox=\"yes\" data-elementor-lightbox-slideshow=\"3d3abc9\" data-elementor-lightbox-title=\"donjon-de-la-salle\" data-elementor-lightbox-description=\"donjon-de-la-salle, saint-leon-sur-vezere, La-salle, manoir-de-la-salle \" href='https:\/\/perigord-dordogne-visites.com\/wp-content\/uploads\/2020\/12\/donjon-web.jpg'><img width=\"250\" height=\"250\" src=\"https:\/\/perigord-dordogne-visites.com\/wp-content\/uploads\/2020\/12\/donjon-web-250x250.jpg\" class=\"attachment-woocommerce_thumbnail size-woocommerce_thumbnail\" alt=\"\" loading=\"lazy\" aria-describedby=\"gallery-2-4737\" srcset=\"https:\/\/perigord-dordogne-visites.com\/wp-content\/uploads\/2020\/12\/donjon-web-250x250.jpg 250w, https:\/\/perigord-dordogne-visites.com\/wp-content\/uploads\/2020\/12\/donjon-web-150x150.jpg 150w, https:\/\/perigord-dordogne-visites.com\/wp-content\/uploads\/2020\/12\/donjon-web-100x100.jpg 100w\" sizes=\"100vw\" \/><\/a>\n\t\t\t<\/div>\n\t\t\t\t<figcaption class='wp-caption-text gallery-caption' id='gallery-2-4737'>\n\t\t\t\tMarie Calonne, photographiant le Donjon de la Salle\n\t\t\t\t<\/figcaption><\/figure>\n\t\t<\/div>\n\t\t<\/div>\n\t\t\t\t<\/div>\n\t\t\t\t<\/div>\n\t\t\t\t<div class=\"elementor-element elementor-element-540744a elementor-widget elementor-widget-menu-anchor\" data-id=\"540744a\" data-element_type=\"widget\" data-widget_type=\"menu-anchor.default\">\n\t\t\t\t<div class=\"elementor-widget-container\">\n\t\t\t\t\t<div id=\"bonneetoile\" class=\"elementor-menu-anchor\"><\/div>\n\t\t\t\t<\/div>\n\t\t\t\t<\/div>\n\t\t\t\t\t\t<\/div>\n\t\t\t\t\t<\/div>\n\t\t<\/div>\n\t\t\t\t\t\t\t\t<\/div>\n\t\t\t\t\t<\/div>\n\t\t<\/section>\n\t\t\t\t<section class=\"elementor-section elementor-top-section elementor-element elementor-element-3e529f90 elementor-section-content-middle elementor-reverse-mobile elementor-section-boxed elementor-section-height-default elementor-section-height-default\" data-id=\"3e529f90\" data-element_type=\"section\" data-settings=\"{&quot;background_background&quot;:&quot;gradient&quot;}\">\n\t\t\t\t\t\t<div class=\"elementor-container elementor-column-gap-no\">\n\t\t\t\t\t\t\t<div class=\"elementor-row\">\n\t\t\t\t\t<div class=\"elementor-column elementor-col-50 elementor-top-column elementor-element elementor-element-6dcf3f86\" data-id=\"6dcf3f86\" data-element_type=\"column\">\n\t\t\t<div class=\"elementor-column-wrap elementor-element-populated\">\n\t\t\t\t\t\t\t<div class=\"elementor-widget-wrap\">\n\t\t\t\t\t\t<div class=\"elementor-element elementor-element-3288f3cf elementor-widget elementor-widget-heading\" data-id=\"3288f3cf\" data-element_type=\"widget\" data-widget_type=\"heading.default\">\n\t\t\t\t<div class=\"elementor-widget-container\">\n\t\t\t<h4 class=\"elementor-heading-title elementor-size-default\">Suivez Votre Bonne \u00c9toile!<\/h4>\t\t<\/div>\n\t\t\t\t<\/div>\n\t\t\t\t<div class=\"elementor-element elementor-element-563c4794 elementor-widget elementor-widget-text-editor\" data-id=\"563c4794\" data-element_type=\"widget\" data-widget_type=\"text-editor.default\">\n\t\t\t\t<div class=\"elementor-widget-container\">\n\t\t\t\t\t<div class=\"elementor-text-editor elementor-clearfix\"><p>V\u00e9ritable passionn\u00e9e du P\u00e9rigord, Quercy et villages rayonnants,<span style=\"color: #ceab37;\"><span style=\"font-weight: bold;\">\u00a0guide-conf\u00e9renci\u00e8re, Marie<\/span>\u00a0guidera\u00a0<span style=\"font-weight: bold;\">votre groupe ou en excursion privative<\/span>,<\/span>\u00a0histoire d\u2019ouvrir ces \u201cAlbums de Pierres\u201d qui gardent presque secr\u00e8tement des ch\u00e2teaux f\u00e9eriques, une nature exub\u00e9rante et une ru\u00e9e vers les tr\u00e9sors de la Pr\u00e9histoire!<\/p><p>Vous prenez vite conscience de fouler un v\u00e9ritable sanctuaire, gardien de nos m\u00e9moires collectives!<\/p><p><span style=\"font-weight: bold;\">Guide Conf\u00e9renci\u00e8re<\/span>\u00a0trilingue (FR-ES-GB) en France, elle a aussi\u00a0v\u00e9cu en Belgique et \u00e0 Tenerife.<\/p><h3 style=\"text-align: center;\"><span style=\"color: #ffffff;\">R\u00e9servez vos visites priv\u00e9es ou pour groupes\u00a0<\/span><\/h3><\/div>\n\t\t\t\t<\/div>\n\t\t\t\t<\/div>\n\t\t\t\t<section class=\"elementor-section elementor-inner-section elementor-element elementor-element-c77eff9 elementor-section-boxed elementor-section-height-default elementor-section-height-default\" data-id=\"c77eff9\" data-element_type=\"section\">\n\t\t\t\t\t\t<div class=\"elementor-container elementor-column-gap-no\">\n\t\t\t\t\t\t\t<div class=\"elementor-row\">\n\t\t\t\t\t<div class=\"elementor-column elementor-col-50 elementor-inner-column elementor-element elementor-element-1ffd34e\" data-id=\"1ffd34e\" data-element_type=\"column\">\n\t\t\t<div class=\"elementor-column-wrap elementor-element-populated\">\n\t\t\t\t\t\t\t<div class=\"elementor-widget-wrap\">\n\t\t\t\t\t\t<div class=\"elementor-element elementor-element-09ae7e6 elementor-button-success elementor-align-center elementor-widget elementor-widget-button\" data-id=\"09ae7e6\" data-element_type=\"widget\" data-widget_type=\"button.default\">\n\t\t\t\t<div class=\"elementor-widget-container\">\n\t\t\t\t\t<div class=\"elementor-button-wrapper\">\n\t\t\t<a href=\"tel:0681747735\" class=\"elementor-button-link elementor-button elementor-size-md elementor-animation-grow\" role=\"button\">\n\t\t\t\t\t\t<span class=\"elementor-button-content-wrapper\">\n\t\t\t\t\t\t<span class=\"elementor-button-icon elementor-align-icon-left\">\n\t\t\t\t<i aria-hidden=\"true\" class=\"fas fa-phone-alt\"><\/i>\t\t\t<\/span>\n\t\t\t\t\t\t<span class=\"elementor-button-text\">J'appelle<\/span>\n\t\t<\/span>\n\t\t\t\t\t<\/a>\n\t\t<\/div>\n\t\t\t\t<\/div>\n\t\t\t\t<\/div>\n\t\t\t\t\t\t<\/div>\n\t\t\t\t\t<\/div>\n\t\t<\/div>\n\t\t\t\t<div class=\"elementor-column elementor-col-50 elementor-inner-column elementor-element elementor-element-90826f4\" data-id=\"90826f4\" data-element_type=\"column\">\n\t\t\t<div class=\"elementor-column-wrap elementor-element-populated\">\n\t\t\t\t\t\t\t<div class=\"elementor-widget-wrap\">\n\t\t\t\t\t\t<div class=\"elementor-element elementor-element-2032f79 elementor-button-success elementor-align-center elementor-widget elementor-widget-button\" data-id=\"2032f79\" data-element_type=\"widget\" data-widget_type=\"button.default\">\n\t\t\t\t<div class=\"elementor-widget-container\">\n\t\t\t\t\t<div class=\"elementor-button-wrapper\">\n\t\t\t<a href=\"mailto:perigordnoirdemarie@gmail.com?subject=R\u00e9servation%20de%20Visite\" class=\"elementor-button-link elementor-button elementor-size-md elementor-animation-grow\" role=\"button\">\n\t\t\t\t\t\t<span class=\"elementor-button-content-wrapper\">\n\t\t\t\t\t\t<span class=\"elementor-button-icon elementor-align-icon-left\">\n\t\t\t\t<i aria-hidden=\"true\" class=\"fas fa-envelope\"><\/i>\t\t\t<\/span>\n\t\t\t\t\t\t<span class=\"elementor-button-text\">J'\u00e9cris<\/span>\n\t\t<\/span>\n\t\t\t\t\t<\/a>\n\t\t<\/div>\n\t\t\t\t<\/div>\n\t\t\t\t<\/div>\n\t\t\t\t\t\t<\/div>\n\t\t\t\t\t<\/div>\n\t\t<\/div>\n\t\t\t\t\t\t\t\t<\/div>\n\t\t\t\t\t<\/div>\n\t\t<\/section>\n\t\t\t\t\t\t<\/div>\n\t\t\t\t\t<\/div>\n\t\t<\/div>\n\t\t\t\t<div class=\"elementor-column elementor-col-50 elementor-top-column elementor-element elementor-element-521bb30\" data-id=\"521bb30\" data-element_type=\"column\">\n\t\t\t<div class=\"elementor-column-wrap elementor-element-populated\">\n\t\t\t\t\t\t\t<div class=\"elementor-widget-wrap\">\n\t\t\t\t\t\t<div class=\"elementor-element elementor-element-3c6a800f elementor-widget elementor-widget-image\" data-id=\"3c6a800f\" data-element_type=\"widget\" data-widget_type=\"image.default\">\n\t\t\t\t<div class=\"elementor-widget-container\">\n\t\t\t\t\t<div class=\"elementor-image\">\n\t\t\t\t\t\t\t<figure class=\"wp-caption\">\n\t\t\t\t\t\t\t\t\t\t<img width=\"1440\" height=\"887\" src=\"https:\/\/perigord-dordogne-visites.com\/wp-content\/uploads\/2018\/12\/45033970_10214829104273899_803369114411204608_o.jpg\" class=\"attachment-full size-full\" alt=\"\" loading=\"lazy\" srcset=\"https:\/\/perigord-dordogne-visites.com\/wp-content\/uploads\/2018\/12\/45033970_10214829104273899_803369114411204608_o.jpg 1440w, https:\/\/perigord-dordogne-visites.com\/wp-content\/uploads\/2018\/12\/45033970_10214829104273899_803369114411204608_o-300x185.jpg 300w, https:\/\/perigord-dordogne-visites.com\/wp-content\/uploads\/2018\/12\/45033970_10214829104273899_803369114411204608_o-1024x631.jpg 1024w, https:\/\/perigord-dordogne-visites.com\/wp-content\/uploads\/2018\/12\/45033970_10214829104273899_803369114411204608_o-768x473.jpg 768w, https:\/\/perigord-dordogne-visites.com\/wp-content\/uploads\/2018\/12\/45033970_10214829104273899_803369114411204608_o-350x216.jpg 350w\" sizes=\"100vw\" \/>\t\t\t\t\t\t\t\t\t\t\t<figcaption class=\"widget-image-caption wp-caption-text\">Visite  \u00e0 Sarlat avec Marie<\/figcaption>\n\t\t\t\t\t\t\t\t\t\t<\/figure>\n\t\t\t\t\t<\/div>\n\t\t\t\t<\/div>\n\t\t\t\t<\/div>\n\t\t\t\t\t\t<\/div>\n\t\t\t\t\t<\/div>\n\t\t<\/div>\n\t\t\t\t\t\t\t\t<\/div>\n\t\t\t\t\t<\/div>\n\t\t<\/section>\n\t\t\t\t<section class=\"elementor-section elementor-top-section elementor-element elementor-element-93b3cf6 elementor-section-stretched elementor-section-boxed elementor-section-height-default elementor-section-height-default\" data-id=\"93b3cf6\" data-element_type=\"section\" data-settings=\"{&quot;stretch_section&quot;:&quot;section-stretched&quot;,&quot;background_background&quot;:&quot;classic&quot;}\">\n\t\t\t\t\t\t<div class=\"elementor-container elementor-column-gap-default\">\n\t\t\t\t\t\t\t<div class=\"elementor-row\">\n\t\t\t\t\t<div class=\"elementor-column elementor-col-100 elementor-top-column elementor-element elementor-element-466ceab\" data-id=\"466ceab\" data-element_type=\"column\">\n\t\t\t<div class=\"elementor-column-wrap elementor-element-populated\">\n\t\t\t\t\t\t\t<div class=\"elementor-widget-wrap\">\n\t\t\t\t\t\t<div class=\"elementor-element elementor-element-32ba25c elementor-widget elementor-widget-heading\" data-id=\"32ba25c\" data-element_type=\"widget\" data-widget_type=\"heading.default\">\n\t\t\t\t<div class=\"elementor-widget-container\">\n\t\t\t<h2 class=\"elementor-heading-title elementor-size-default\">CHOISISSEZ VOTRE VISITE:<\/h2>\t\t<\/div>\n\t\t\t\t<\/div>\n\t\t\t\t<section class=\"elementor-section elementor-inner-section elementor-element elementor-element-1c50bed elementor-section-boxed elementor-section-height-default elementor-section-height-default\" data-id=\"1c50bed\" data-element_type=\"section\">\n\t\t\t\t\t\t<div class=\"elementor-container elementor-column-gap-default\">\n\t\t\t\t\t\t\t<div class=\"elementor-row\">\n\t\t\t\t\t<div class=\"elementor-column elementor-col-50 elementor-inner-column elementor-element elementor-element-d75521f\" data-id=\"d75521f\" data-element_type=\"column\">\n\t\t\t<div class=\"elementor-column-wrap elementor-element-populated\">\n\t\t\t\t\t\t\t<div class=\"elementor-widget-wrap\">\n\t\t\t\t\t\t<div class=\"elementor-element elementor-element-19aa9da elementor-button-success elementor-align-center elementor-widget elementor-widget-button\" data-id=\"19aa9da\" data-element_type=\"widget\" data-widget_type=\"button.default\">\n\t\t\t\t<div class=\"elementor-widget-container\">\n\t\t\t\t\t<div class=\"elementor-button-wrapper\">\n\t\t\t<a href=\"https:\/\/perigord-dordogne-visites.com\/index.php\/visites-produits\/\" class=\"elementor-button-link elementor-button elementor-size-lg elementor-animation-grow\" role=\"button\">\n\t\t\t\t\t\t<span class=\"elementor-button-content-wrapper\">\n\t\t\t\t\t\t<span class=\"elementor-button-icon elementor-align-icon-left\">\n\t\t\t\t<i aria-hidden=\"true\" class=\"far fa-grin-stars\"><\/i>\t\t\t<\/span>\n\t\t\t\t\t\t<span class=\"elementor-button-text\">EXCURSION PRIV\u00c9E<\/span>\n\t\t<\/span>\n\t\t\t\t\t<\/a>\n\t\t<\/div>\n\t\t\t\t<\/div>\n\t\t\t\t<\/div>\n\t\t\t\t\t\t<\/div>\n\t\t\t\t\t<\/div>\n\t\t<\/div>\n\t\t\t\t<div class=\"elementor-column elementor-col-50 elementor-inner-column elementor-element elementor-element-20dac9d\" data-id=\"20dac9d\" data-element_type=\"column\">\n\t\t\t<div class=\"elementor-column-wrap elementor-element-populated\">\n\t\t\t\t\t\t\t<div class=\"elementor-widget-wrap\">\n\t\t\t\t\t\t<div class=\"elementor-element elementor-element-0104967 elementor-button-success elementor-align-center elementor-widget elementor-widget-button\" data-id=\"0104967\" data-element_type=\"widget\" data-widget_type=\"button.default\">\n\t\t\t\t<div class=\"elementor-widget-container\">\n\t\t\t\t\t<div class=\"elementor-button-wrapper\">\n\t\t\t<a href=\"#contact\" class=\"elementor-button-link elementor-button elementor-size-lg elementor-animation-grow\" role=\"button\">\n\t\t\t\t\t\t<span class=\"elementor-button-content-wrapper\">\n\t\t\t\t\t\t<span class=\"elementor-button-icon elementor-align-icon-left\">\n\t\t\t\t<i aria-hidden=\"true\" class=\"fas fa-bus\"><\/i>\t\t\t<\/span>\n\t\t\t\t\t\t<span class=\"elementor-button-text\">VISITES GROUPES<\/span>\n\t\t<\/span>\n\t\t\t\t\t<\/a>\n\t\t<\/div>\n\t\t\t\t<\/div>\n\t\t\t\t<\/div>\n\t\t\t\t\t\t<\/div>\n\t\t\t\t\t<\/div>\n\t\t<\/div>\n\t\t\t\t\t\t\t\t<\/div>\n\t\t\t\t\t<\/div>\n\t\t<\/section>\n\t\t\t\t\t\t<\/div>\n\t\t\t\t\t<\/div>\n\t\t<\/div>\n\t\t\t\t\t\t\t\t<\/div>\n\t\t\t\t\t<\/div>\n\t\t<\/section>\n\t\t\t\t<section class=\"elementor-section elementor-top-section elementor-element elementor-element-2d35b573 elementor-section-content-middle elementor-section-stretched elementor-section-height-min-height elementor-section-boxed elementor-section-height-default elementor-section-items-middle\" data-id=\"2d35b573\" data-element_type=\"section\" data-settings=\"{&quot;background_background&quot;:&quot;gradient&quot;,&quot;stretch_section&quot;:&quot;section-stretched&quot;}\">\n\t\t\t\t\t\t\t<div class=\"elementor-background-overlay\"><\/div>\n\t\t\t\t\t\t\t<div class=\"elementor-container elementor-column-gap-no\">\n\t\t\t\t\t\t\t<div class=\"elementor-row\">\n\t\t\t\t\t<div class=\"elementor-column elementor-col-100 elementor-top-column elementor-element elementor-element-68455492\" data-id=\"68455492\" data-element_type=\"column\">\n\t\t\t<div class=\"elementor-column-wrap elementor-element-populated\">\n\t\t\t\t\t\t\t<div class=\"elementor-widget-wrap\">\n\t\t\t\t\t\t<div class=\"elementor-element elementor-element-4d223b89 elementor-widget elementor-widget-heading\" data-id=\"4d223b89\" data-element_type=\"widget\" data-widget_type=\"heading.default\">\n\t\t\t\t<div class=\"elementor-widget-container\">\n\t\t\t<h4 class=\"elementor-heading-title elementor-size-default\">R\u00c9SERVEZ:<\/h4>\t\t<\/div>\n\t\t\t\t<\/div>\n\t\t\t\t<div class=\"elementor-element elementor-element-5076a8f elementor-widget elementor-widget-menu-anchor\" data-id=\"5076a8f\" data-element_type=\"widget\" data-widget_type=\"menu-anchor.default\">\n\t\t\t\t<div class=\"elementor-widget-container\">\n\t\t\t\t\t<div id=\"contact\" class=\"elementor-menu-anchor\"><\/div>\n\t\t\t\t<\/div>\n\t\t\t\t<\/div>\n\t\t\t\t<section class=\"elementor-section elementor-inner-section elementor-element elementor-element-16ab7218 elementor-section-content-middle elementor-section-boxed elementor-section-height-default elementor-section-height-default\" data-id=\"16ab7218\" data-element_type=\"section\" data-settings=\"{&quot;background_background&quot;:&quot;classic&quot;}\">\n\t\t\t\t\t\t<div class=\"elementor-container elementor-column-gap-no\">\n\t\t\t\t\t\t\t<div class=\"elementor-row\">\n\t\t\t\t\t<div class=\"elementor-column elementor-col-50 elementor-inner-column elementor-element elementor-element-54d7204e\" data-id=\"54d7204e\" data-element_type=\"column\">\n\t\t\t<div class=\"elementor-column-wrap elementor-element-populated\">\n\t\t\t\t\t\t\t<div class=\"elementor-widget-wrap\">\n\t\t\t\t\t\t<div class=\"elementor-element elementor-element-4464c0d4 elementor-widget elementor-widget-heading\" data-id=\"4464c0d4\" data-element_type=\"widget\" data-widget_type=\"heading.default\">\n\t\t\t\t<div class=\"elementor-widget-container\">\n\t\t\t<h6 class=\"elementor-heading-title elementor-size-default\">T: +33(0)6 81 747 735<\/h6>\t\t<\/div>\n\t\t\t\t<\/div>\n\t\t\t\t<div class=\"elementor-element elementor-element-6dbcd0f1 elementor-widget elementor-widget-heading\" data-id=\"6dbcd0f1\" data-element_type=\"widget\" data-widget_type=\"heading.default\">\n\t\t\t\t<div class=\"elementor-widget-container\">\n\t\t\t<h6 class=\"elementor-heading-title elementor-size-medium\">M: perigordnoirdemarie[@]gmail.com<\/h6>\t\t<\/div>\n\t\t\t\t<\/div>\n\t\t\t\t<div class=\"elementor-element elementor-element-1d5b10c9 elementor-widget elementor-widget-heading\" data-id=\"1d5b10c9\" data-element_type=\"widget\" data-widget_type=\"heading.default\">\n\t\t\t\t<div class=\"elementor-widget-container\">\n\t\t\t<h6 class=\"elementor-heading-title elementor-size-default\"><b>OUVERT TOUS LES JOURS, TOUTE L'ANN\u00c9E<\/b><\/h6>\t\t<\/div>\n\t\t\t\t<\/div>\n\t\t\t\t<div class=\"elementor-element elementor-element-1eafd21e elementor-shape-rounded elementor-grid-0 elementor-widget elementor-widget-social-icons\" data-id=\"1eafd21e\" data-element_type=\"widget\" data-widget_type=\"social-icons.default\">\n\t\t\t\t<div class=\"elementor-widget-container\">\n\t\t\t\t\t<div class=\"elementor-social-icons-wrapper elementor-grid\">\n\t\t\t\t\t\t\t<div class=\"elementor-grid-item\">\n\t\t\t\t\t<a class=\"elementor-icon elementor-social-icon elementor-social-icon-facebook-f elementor-animation-grow elementor-repeater-item-2d0da0c\" href=\"https:\/\/www.facebook.com\/perigordnoirdemarie\/\" target=\"_blank\">\n\t\t\t\t\t\t<span class=\"elementor-screen-only\">Facebook-f<\/span>\n\t\t\t\t\t\t<i class=\"fab fa-facebook-f\"><\/i>\t\t\t\t\t<\/a>\n\t\t\t\t<\/div>\n\t\t\t\t\t\t\t<div class=\"elementor-grid-item\">\n\t\t\t\t\t<a class=\"elementor-icon elementor-social-icon elementor-social-icon-youtube elementor-animation-grow elementor-repeater-item-6035fd3\" href=\"https:\/\/www.youtube.com\/channel\/UCotMzWFN5qyIfi1iW7bkz2A\/videos\" target=\"_blank\">\n\t\t\t\t\t\t<span class=\"elementor-screen-only\">Youtube<\/span>\n\t\t\t\t\t\t<i class=\"fab fa-youtube\"><\/i>\t\t\t\t\t<\/a>\n\t\t\t\t<\/div>\n\t\t\t\t\t<\/div>\n\t\t\t\t<\/div>\n\t\t\t\t<\/div>\n\t\t\t\t\t\t<\/div>\n\t\t\t\t\t<\/div>\n\t\t<\/div>\n\t\t\t\t<div class=\"elementor-column elementor-col-50 elementor-inner-column elementor-element elementor-element-78e459d\" data-id=\"78e459d\" data-element_type=\"column\">\n\t\t\t<div class=\"elementor-column-wrap elementor-element-populated\">\n\t\t\t\t\t\t\t<div class=\"elementor-widget-wrap\">\n\t\t\t\t\t\t<div class=\"elementor-element elementor-element-522a7424 elementor-button-align-start elementor-widget elementor-widget-form\" data-id=\"522a7424\" data-element_type=\"widget\" data-settings=\"{&quot;step_next_label&quot;:&quot;Suivant&quot;,&quot;step_previous_label&quot;:&quot;Pr\\u00e9c\\u00e9dent&quot;,&quot;button_width&quot;:&quot;100&quot;,&quot;step_type&quot;:&quot;number_text&quot;,&quot;step_icon_shape&quot;:&quot;circle&quot;}\" data-widget_type=\"form.default\">\n\t\t\t\t<div class=\"elementor-widget-container\">\n\t\t\t\t\t<form class=\"elementor-form\" method=\"post\" name=\"New Form\">\n\t\t\t<input type=\"hidden\" name=\"post_id\" value=\"4380\"\/>\n\t\t\t<input type=\"hidden\" name=\"form_id\" value=\"522a7424\"\/>\n\n\t\t\t\n\t\t\t<div class=\"elementor-form-fields-wrapper elementor-labels-\">\n\t\t\t\t\t\t\t\t<div class=\"elementor-field-type-text elementor-field-group elementor-column elementor-field-group-name elementor-col-100\">\n\t\t\t\t\t<label for=\"form-field-name\" class=\"elementor-field-label elementor-screen-only\">Nom<\/label><input size=\"1\" type=\"text\" name=\"form_fields[name]\" id=\"form-field-name\" class=\"elementor-field elementor-size-sm  elementor-field-textual\" placeholder=\"Nom\">\t\t\t\t<\/div>\n\t\t\t\t\t\t\t\t<div class=\"elementor-field-type-email elementor-field-group elementor-column elementor-field-group-email elementor-col-100 elementor-field-required\">\n\t\t\t\t\t<label for=\"form-field-email\" class=\"elementor-field-label elementor-screen-only\">Email<\/label><input size=\"1\" type=\"email\" name=\"form_fields[email]\" id=\"form-field-email\" class=\"elementor-field elementor-size-sm  elementor-field-textual\" placeholder=\"Email\" required=\"required\" aria-required=\"true\">\t\t\t\t<\/div>\n\t\t\t\t\t\t\t\t<div class=\"elementor-field-type-textarea elementor-field-group elementor-column elementor-field-group-message elementor-col-100\">\n\t\t\t\t\t<label for=\"form-field-message\" class=\"elementor-field-label elementor-screen-only\">Message<\/label><textarea class=\"elementor-field-textual elementor-field  elementor-size-sm\" name=\"form_fields[message]\" id=\"form-field-message\" rows=\"4\" placeholder=\"Message\"><\/textarea>\t\t\t\t<\/div>\n\t\t\t\t\t\t\t\t<div class=\"elementor-field-group elementor-column elementor-field-type-submit elementor-col-100 e-form__buttons\">\n\t\t\t\t\t<button type=\"submit\" class=\"elementor-button elementor-size-sm elementor-animation-grow\">\n\t\t\t\t\t\t<span >\n\t\t\t\t\t\t\t\t\t\t\t\t\t\t\t<span class=\" elementor-button-icon\">\n\t\t\t\t\t\t\t\t\t\t\t\t\t\t\t\t\t\t\t\t\t\t\t\t\t\t<\/span>\n\t\t\t\t\t\t\t\t\t\t\t\t\t\t\t\t\t\t\t\t\t\t<span class=\"elementor-button-text\">Envoyer<\/span>\n\t\t\t\t\t\t\t\t\t\t\t\t\t<\/span>\n\t\t\t\t\t<\/button>\n\t\t\t\t<\/div>\n\t\t\t<\/div>\n\t\t<\/form>\n\t\t\t\t<\/div>\n\t\t\t\t<\/div>\n\t\t\t\t\t\t<\/div>\n\t\t\t\t\t<\/div>\n\t\t<\/div>\n\t\t\t\t\t\t\t\t<\/div>\n\t\t\t\t\t<\/div>\n\t\t<\/section>\n\t\t\t\t\t\t<\/div>\n\t\t\t\t\t<\/div>\n\t\t<\/div>\n\t\t\t\t\t\t\t\t<\/div>\n\t\t\t\t\t<\/div>\n\t\t<\/section>\n\t\t\t\t\t\t<\/div>\n\t\t\t\t\t\t<\/div>\n\t\t\t\t\t<\/div>\n\t\t","protected":false},"excerpt":{"rendered":"<p>Le Donjon &amp; Manoir de la Salle en avant-Premi\u00e8re Il y a moins de 24h que ce Donjon &amp; Manoir de R\u00eave est inaugur\u00e9 par son Nouveau Propri\u00e9taire.&nbsp; F\u00e9licitations \u00e0 Jean-Max Touron, Acteur Majeur du Tourisme en P\u00e9rigord Noir et ailleurs&#8230; By Marie Calonne Il sera le premier Monument Historique priv\u00e9 ouvert au public \u00e0 &hellip; <\/p>\n<p class=\"link-more\"><a href=\"https:\/\/perigord-dordogne-visites.com\/index.php\/2020\/12\/03\/le-donjon-manoir-de-salle-en-avant-premiere\/\" class=\"more-link\">Continuer la lecture<span class=\"screen-reader-text\"> de &laquo;&nbsp;Le Donjon &#038; Manoir de Salle en avant-premi\u00e8re!&nbsp;&raquo;<\/span><\/a><\/p>\n","protected":false},"author":1,"featured_media":4596,"comment_status":"open","ping_status":"open","sticky":false,"template":"elementor_header_footer","format":"standard","meta":{"_monsterinsights_skip_tracking":false,"_monsterinsights_sitenote_active":false,"_monsterinsights_sitenote_note":"","_monsterinsights_sitenote_category":0},"categories":[1,67],"tags":[37,80,79,38,35,40,42,41],"yoast_head":"<!-- This site is optimized with the Yoast SEO plugin v15.1.1 - https:\/\/yoast.com\/wordpress\/plugins\/seo\/ -->\n<title>Ouverture du Donjon de la Salle \u00e0 Saint-L\u00e9on-sur-V\u00e9z\u00e8re - PERIGORD<\/title>\n<meta name=\"description\" content=\"Le Donjon &amp; Manoir de la Salle, inaugure son nouveau propri\u00e9taire! F\u00e9licitations \u00e0 Jean-Max Touron. Ouverture d\u00e8s 2021! Photos In\u00e9dites\" \/>\n<meta name=\"robots\" content=\"index, follow, max-snippet:-1, max-image-preview:large, max-video-preview:-1\" \/>\n<link rel=\"canonical\" href=\"https:\/\/perigord-dordogne-visites.com\/index.php\/2020\/12\/03\/le-donjon-manoir-de-salle-en-avant-premiere\/\" \/>\n<meta property=\"og:locale\" content=\"fr_FR\" \/>\n<meta property=\"og:type\" content=\"article\" \/>\n<meta property=\"og:title\" content=\"LE Donjon et Manoir de la Salle en Avant-Premi\u00e8re\" \/>\n<meta property=\"og:description\" content=\"Le Donjon &amp; Manoir de la Salle, inaugure son nouveau propri\u00e9taire! F\u00e9licitations \u00e0 Jean-Max Touron. Ouverture d\u00e8s 2021! Photos In\u00e9dites\" \/>\n<meta property=\"og:url\" content=\"https:\/\/perigord-dordogne-visites.com\/index.php\/2020\/12\/03\/le-donjon-manoir-de-salle-en-avant-premiere\/\" \/>\n<meta property=\"og:site_name\" content=\"PERIGORD NOIR DE MARIE\" \/>\n<meta property=\"article:publisher\" content=\"https:\/\/www.facebook.com\/suivezvotrebonneetoile\/\" \/>\n<meta property=\"article:published_time\" content=\"2020-12-03T20:20:38+00:00\" \/>\n<meta property=\"article:modified_time\" content=\"2023-08-12T14:51:47+00:00\" \/>\n<meta property=\"og:image\" content=\"https:\/\/perigord-dordogne-visites.com\/wp-content\/uploads\/2020\/12\/\u00a9CALONNE-2020-ManoirdeSalle-9WEB-PETITE.jpg\" \/>\n\t<meta property=\"og:image:width\" content=\"1389\" \/>\n\t<meta property=\"og:image:height\" content=\"923\" \/>\n<meta name=\"twitter:card\" content=\"summary_large_image\" \/>\n<script type=\"application\/ld+json\" class=\"yoast-schema-graph\">{\"@context\":\"https:\/\/schema.org\",\"@graph\":[{\"@type\":\"Organization\",\"@id\":\"https:\/\/perigord-dordogne-visites.com\/#organization\",\"name\":\"Perigord Noir de Marie\",\"url\":\"https:\/\/perigord-dordogne-visites.com\/\",\"sameAs\":[\"https:\/\/www.facebook.com\/suivezvotrebonneetoile\/\",\"https:\/\/www.linkedin.com\/in\/perigordnoirde-marie-84115412b\/\",\"https:\/\/www.youtube.com\/channel\/UCotMzWFN5qyIfi1iW7bkz2A\"],\"logo\":{\"@type\":\"ImageObject\",\"@id\":\"https:\/\/perigord-dordogne-visites.com\/#logo\",\"inLanguage\":\"fr-FR\",\"url\":\"https:\/\/perigord-dordogne-visites.com\/wp-content\/uploads\/2019\/12\/etoile-PNDM.png\",\"width\":504,\"height\":431,\"caption\":\"Perigord Noir de Marie\"},\"image\":{\"@id\":\"https:\/\/perigord-dordogne-visites.com\/#logo\"}},{\"@type\":\"WebSite\",\"@id\":\"https:\/\/perigord-dordogne-visites.com\/#website\",\"url\":\"https:\/\/perigord-dordogne-visites.com\/\",\"name\":\"PERIGORD NOIR DE MARIE\",\"description\":\"Votre Guide - Your Tour Guide - Su Guia\",\"publisher\":{\"@id\":\"https:\/\/perigord-dordogne-visites.com\/#organization\"},\"potentialAction\":[{\"@type\":\"SearchAction\",\"target\":\"https:\/\/perigord-dordogne-visites.com\/?s={search_term_string}\",\"query-input\":\"required name=search_term_string\"}],\"inLanguage\":\"fr-FR\"},{\"@type\":\"ImageObject\",\"@id\":\"https:\/\/perigord-dordogne-visites.com\/index.php\/2020\/12\/03\/le-donjon-manoir-de-salle-en-avant-premiere\/#primaryimage\",\"inLanguage\":\"fr-FR\",\"url\":\"https:\/\/perigord-dordogne-visites.com\/wp-content\/uploads\/2020\/12\/\\u00a9CALONNE-2020-ManoirdeSalle-3WEB-scaled.jpg\",\"width\":2560,\"height\":1702,\"caption\":\"donjon-de-la-salle, saint-leon-sur-vezere, La-salle, manoir-de-la-salle\"},{\"@type\":\"WebPage\",\"@id\":\"https:\/\/perigord-dordogne-visites.com\/index.php\/2020\/12\/03\/le-donjon-manoir-de-salle-en-avant-premiere\/#webpage\",\"url\":\"https:\/\/perigord-dordogne-visites.com\/index.php\/2020\/12\/03\/le-donjon-manoir-de-salle-en-avant-premiere\/\",\"name\":\"Ouverture du Donjon de la Salle \\u00e0 Saint-L\\u00e9on-sur-V\\u00e9z\\u00e8re - PERIGORD\",\"isPartOf\":{\"@id\":\"https:\/\/perigord-dordogne-visites.com\/#website\"},\"primaryImageOfPage\":{\"@id\":\"https:\/\/perigord-dordogne-visites.com\/index.php\/2020\/12\/03\/le-donjon-manoir-de-salle-en-avant-premiere\/#primaryimage\"},\"datePublished\":\"2020-12-03T20:20:38+00:00\",\"dateModified\":\"2023-08-12T14:51:47+00:00\",\"description\":\"Le Donjon & Manoir de la Salle, inaugure son nouveau propri\\u00e9taire! F\\u00e9licitations \\u00e0 Jean-Max Touron. Ouverture d\\u00e8s 2021! Photos In\\u00e9dites\",\"inLanguage\":\"fr-FR\",\"potentialAction\":[{\"@type\":\"ReadAction\",\"target\":[\"https:\/\/perigord-dordogne-visites.com\/index.php\/2020\/12\/03\/le-donjon-manoir-de-salle-en-avant-premiere\/\"]}]},{\"@type\":\"Article\",\"@id\":\"https:\/\/perigord-dordogne-visites.com\/index.php\/2020\/12\/03\/le-donjon-manoir-de-salle-en-avant-premiere\/#article\",\"isPartOf\":{\"@id\":\"https:\/\/perigord-dordogne-visites.com\/index.php\/2020\/12\/03\/le-donjon-manoir-de-salle-en-avant-premiere\/#webpage\"},\"author\":{\"@id\":\"https:\/\/perigord-dordogne-visites.com\/#\/schema\/person\/80842ba53c2aae0dd5ee19c7143c62d8\"},\"headline\":\"Le Donjon &#038; Manoir de Salle en avant-premi\\u00e8re!\",\"datePublished\":\"2020-12-03T20:20:38+00:00\",\"dateModified\":\"2023-08-12T14:51:47+00:00\",\"mainEntityOfPage\":{\"@id\":\"https:\/\/perigord-dordogne-visites.com\/index.php\/2020\/12\/03\/le-donjon-manoir-de-salle-en-avant-premiere\/#webpage\"},\"commentCount\":0,\"publisher\":{\"@id\":\"https:\/\/perigord-dordogne-visites.com\/#organization\"},\"image\":{\"@id\":\"https:\/\/perigord-dordogne-visites.com\/index.php\/2020\/12\/03\/le-donjon-manoir-de-salle-en-avant-premiere\/#primaryimage\"},\"keywords\":\"dordogne,eyrignac,jardins,mariecalonne,perigordnoir,perigordnoirdemarie,visite,visites\",\"articleSection\":\"Villages\",\"inLanguage\":\"fr-FR\",\"potentialAction\":[{\"@type\":\"CommentAction\",\"name\":\"Comment\",\"target\":[\"https:\/\/perigord-dordogne-visites.com\/index.php\/2020\/12\/03\/le-donjon-manoir-de-salle-en-avant-premiere\/#respond\"]}]},{\"@type\":\"Person\",\"@id\":\"https:\/\/perigord-dordogne-visites.com\/#\/schema\/person\/80842ba53c2aae0dd5ee19c7143c62d8\",\"name\":\"admin7636\",\"image\":{\"@type\":\"ImageObject\",\"@id\":\"https:\/\/perigord-dordogne-visites.com\/#personlogo\",\"inLanguage\":\"fr-FR\",\"url\":\"https:\/\/secure.gravatar.com\/avatar\/aba80841637f77b68975c1aee32c5bbc?s=96&d=mm&r=g\",\"caption\":\"admin7636\"}}]}<\/script>\n<!-- \/ Yoast SEO plugin. -->","_links":{"self":[{"href":"https:\/\/perigord-dordogne-visites.com\/index.php\/wp-json\/wp\/v2\/posts\/4380"}],"collection":[{"href":"https:\/\/perigord-dordogne-visites.com\/index.php\/wp-json\/wp\/v2\/posts"}],"about":[{"href":"https:\/\/perigord-dordogne-visites.com\/index.php\/wp-json\/wp\/v2\/types\/post"}],"author":[{"embeddable":true,"href":"https:\/\/perigord-dordogne-visites.com\/index.php\/wp-json\/wp\/v2\/users\/1"}],"replies":[{"embeddable":true,"href":"https:\/\/perigord-dordogne-visites.com\/index.php\/wp-json\/wp\/v2\/comments?post=4380"}],"version-history":[{"count":240,"href":"https:\/\/perigord-dordogne-visites.com\/index.php\/wp-json\/wp\/v2\/posts\/4380\/revisions"}],"predecessor-version":[{"id":6812,"href":"https:\/\/perigord-dordogne-visites.com\/index.php\/wp-json\/wp\/v2\/posts\/4380\/revisions\/6812"}],"wp:featuredmedia":[{"embeddable":true,"href":"https:\/\/perigord-dordogne-visites.com\/index.php\/wp-json\/wp\/v2\/media\/4596"}],"wp:attachment":[{"href":"https:\/\/perigord-dordogne-visites.com\/index.php\/wp-json\/wp\/v2\/media?parent=4380"}],"wp:term":[{"taxonomy":"category","embeddable":true,"href":"https:\/\/perigord-dordogne-visites.com\/index.php\/wp-json\/wp\/v2\/categories?post=4380"},{"taxonomy":"post_tag","embeddable":true,"href":"https:\/\/perigord-dordogne-visites.com\/index.php\/wp-json\/wp\/v2\/tags?post=4380"}],"curies":[{"name":"wp","href":"https:\/\/api.w.org\/{rel}","templated":true}]}}